{"id":2194,"date":"2024-07-26T11:07:18","date_gmt":"2024-07-26T09:07:18","guid":{"rendered":"https:\/\/ergodays.com\/fr\/?p=2194"},"modified":"2025-06-11T15:35:45","modified_gmt":"2025-06-11T13:35:45","slug":"test-bureau-assis-debout-flexispot-e7-pro-avis","status":"publish","type":"post","link":"https:\/\/ergodays.com\/fr\/test-bureau-assis-debout-flexispot-e7-pro-avis\/","title":{"rendered":"Test Flexispot E7 Pro : Meilleur Bureau assis-debout du moment ?"},"content":{"rendered":"<p>[et_pb_section fb_built=\u00a0\u00bb1&Prime; _builder_version=\u00a0\u00bb4.27.0&Prime; _module_preset=\u00a0\u00bbdefault\u00a0\u00bb background_color=\u00a0\u00bb#F7F7F7&Prime; custom_padding=\u00a0\u00bb2px||3px|||\u00a0\u00bb global_colors_info=\u00a0\u00bb{}\u00a0\u00bb][et_pb_row _builder_version=\u00a0\u00bb4.16&Prime; _module_preset=\u00a0\u00bbdefault\u00a0\u00bb custom_padding=\u00a0\u00bb10px||10px||false|false\u00a0\u00bb global_colors_info=\u00a0\u00bb{}\u00a0\u00bb][et_pb_column type=\u00a0\u00bb4_4&Prime; _builder_version=\u00a0\u00bb4.16&Prime; _module_preset=\u00a0\u00bbdefault\u00a0\u00bb global_colors_info=\u00a0\u00bb{}\u00a0\u00bb][et_pb_text _builder_version=\u00a0\u00bb4.27.0&Prime; _module_preset=\u00a0\u00bbdefault\u00a0\u00bb custom_padding=\u00a0\u00bb||0px|||\u00a0\u00bb global_colors_info=\u00a0\u00bb{}\u00a0\u00bb]<\/p>\n<p>La marque incontournable de l&rsquo;ergonomie et des bureaux r\u00e9glables en hauteur lance un nouveau mod\u00e8le, le <strong>Flexispot E7 Pro<\/strong>. Il s\u2019agit de la <strong>version ultime<\/strong> de la s\u00e9rie E7, pour laquelle Flexispot a mis les petits plats dans les grands. Ce bureau promet une exp\u00e9rience de travail optimale, alliant ergonomie, robustesse et design \u00e9l\u00e9gant. Dans cet article, nous allons passer en revue toutes les caract\u00e9ristiques du E7 Pro, en examinant ses fonctionnalit\u00e9s avanc\u00e9es et ses caract\u00e9ristiques. D\u00e9couvrez d\u00e8s maintenant notre avis sur ce qui pourrait bien \u00eatre le <a href=\"https:\/\/ergodays.com\/fr\/bureau-assis-debout-electrique-la-selection-des-meilleurs-bureaux-debout\/\">meilleur bureau assis-debout de 2024<\/a>.\u00a0<\/p>\n<p>[\/et_pb_text][\/et_pb_column][\/et_pb_row][\/et_pb_section][et_pb_section fb_built=\u00a0\u00bb1&Prime; _builder_version=\u00a0\u00bb4.16&Prime; _module_preset=\u00a0\u00bbdefault\u00a0\u00bb custom_padding=\u00a0\u00bb4px|||||\u00a0\u00bb global_colors_info=\u00a0\u00bb{}\u00a0\u00bb][et_pb_row _builder_version=\u00a0\u00bb4.16&Prime; _module_preset=\u00a0\u00bbdefault\u00a0\u00bb custom_padding=\u00a0\u00bb||0px|||\u00a0\u00bb global_colors_info=\u00a0\u00bb{}\u00a0\u00bb][et_pb_column type=\u00a0\u00bb4_4&Prime; _builder_version=\u00a0\u00bb4.16&Prime; _module_preset=\u00a0\u00bbdefault\u00a0\u00bb global_colors_info=\u00a0\u00bb{}\u00a0\u00bb][et_pb_text _builder_version=\u00a0\u00bb4.16&Prime; _module_preset=\u00a0\u00bbdefault\u00a0\u00bb header_2_font=\u00a0\u00bbOswald||||||||\u00a0\u00bb header_2_text_align=\u00a0\u00bbcenter\u00a0\u00bb header_2_text_color=\u00a0\u00bb#000000&Prime; header_2_font_size=\u00a0\u00bb30px\u00a0\u00bb custom_margin=\u00a0\u00bb||21px|||\u00a0\u00bb header_2_font_tablet=\u00a0\u00bb\u00a0\u00bb header_2_font_phone=\u00a0\u00bb\u00a0\u00bb header_2_font_last_edited=\u00a0\u00bbon|desktop\u00a0\u00bb header_2_font_size_tablet=\u00a0\u00bb\u00a0\u00bb header_2_font_size_phone=\u00a0\u00bb30px\u00a0\u00bb header_2_font_size_last_edited=\u00a0\u00bbon|phone\u00a0\u00bb global_colors_info=\u00a0\u00bb{}\u00a0\u00bb]<\/p>\n<h2 style=\"text-align: left;\">1. Pr\u00e9sentation de la marque<\/h2>\n<p>[\/et_pb_text][\/et_pb_column][\/et_pb_row][et_pb_row column_structure=\u00a0\u00bb1_2,1_2&Prime; _builder_version=\u00a0\u00bb4.16&Prime; _module_preset=\u00a0\u00bbdefault\u00a0\u00bb custom_padding=\u00a0\u00bb20px||20px||false|false\u00a0\u00bb global_colors_info=\u00a0\u00bb{}\u00a0\u00bb][et_pb_column type=\u00a0\u00bb1_2&Prime; _builder_version=\u00a0\u00bb4.16&Prime; _module_preset=\u00a0\u00bbdefault\u00a0\u00bb global_colors_info=\u00a0\u00bb{}\u00a0\u00bb][et_pb_image src=\u00a0\u00bbhttps:\/\/ergodays.com\/fr\/wp-content\/uploads\/2024\/07\/flexispot.jpg\u00a0\u00bb alt=\u00a0\u00bbdesigner-r-go-tools\u00a0\u00bb title_text=\u00a0\u00bbflexispot\u00a0\u00bb align=\u00a0\u00bbcenter\u00a0\u00bb _builder_version=\u00a0\u00bb4.27.0&Prime; _module_preset=\u00a0\u00bbdefault\u00a0\u00bb width=\u00a0\u00bb50%\u00a0\u00bb max_width=\u00a0\u00bb50%\u00a0\u00bb min_height=\u00a0\u00bb50%\u00a0\u00bb height=\u00a0\u00bb50%\u00a0\u00bb max_height=\u00a0\u00bb50%\u00a0\u00bb border_radii=\u00a0\u00bbon|10px|10px|10px|10px\u00a0\u00bb global_colors_info=\u00a0\u00bb{}\u00a0\u00bb][\/et_pb_image][\/et_pb_column][et_pb_column type=\u00a0\u00bb1_2&Prime; _builder_version=\u00a0\u00bb4.16&Prime; _module_preset=\u00a0\u00bbdefault\u00a0\u00bb global_colors_info=\u00a0\u00bb{}\u00a0\u00bb][et_pb_text _builder_version=\u00a0\u00bb4.16&Prime; _module_preset=\u00a0\u00bbdefault\u00a0\u00bb global_colors_info=\u00a0\u00bb{}\u00a0\u00bb]<\/p>\n<p><strong>Flexispot<\/strong> est une marque reconnue dans le secteur des <strong>mobiliers et accessoires ergonomiques<\/strong>. Avec <strong>plus de 10 ans d&rsquo;exp\u00e9rience<\/strong>, l&rsquo;entreprise s&rsquo;est rapidement impos\u00e9e comme un leader sur le march\u00e9 des bureaux assis-debout et des accessoires de travail.<\/p>\n<p>Flexispot s&rsquo;est notamment diff\u00e9renci\u00e9 par son engagement \u00e0 offrir des produits de haute qualit\u00e9, con\u00e7us pour am\u00e9liorer la sant\u00e9 et le bien-\u00eatre des utilisateurs. Ils proposent jusqu&rsquo;\u00e0 <strong>10 ans de garantie<\/strong> ce qui assure une excellente dur\u00e9e de vie. Aujourd&rsquo;hui, Flexispot repr\u00e9sente plus de <strong>10 millions de clients<\/strong> \u00e0 travers le monde, \u00e0 la fois des professionnels et des particuliers.\u00a0<\/p>\n<p style=\"text-align: justify;\">\n<p>[\/et_pb_text][\/et_pb_column][\/et_pb_row][\/et_pb_section][et_pb_section fb_built=\u00a0\u00bb1&Prime; _builder_version=\u00a0\u00bb4.16&Prime; _module_preset=\u00a0\u00bbdefault\u00a0\u00bb custom_padding=\u00a0\u00bb29px||34px|||\u00a0\u00bb global_colors_info=\u00a0\u00bb{}\u00a0\u00bb][et_pb_row _builder_version=\u00a0\u00bb4.16&Prime; _module_preset=\u00a0\u00bbdefault\u00a0\u00bb custom_padding=\u00a0\u00bb||12px|||\u00a0\u00bb global_colors_info=\u00a0\u00bb{}\u00a0\u00bb][et_pb_column type=\u00a0\u00bb4_4&Prime; _builder_version=\u00a0\u00bb4.16&Prime; _module_preset=\u00a0\u00bbdefault\u00a0\u00bb global_colors_info=\u00a0\u00bb{}\u00a0\u00bb][et_pb_text _builder_version=\u00a0\u00bb4.16&Prime; _module_preset=\u00a0\u00bbdefault\u00a0\u00bb header_2_font=\u00a0\u00bbOswald||||||||\u00a0\u00bb header_2_text_align=\u00a0\u00bbcenter\u00a0\u00bb header_2_text_color=\u00a0\u00bb#000000&Prime; header_2_font_size=\u00a0\u00bb30px\u00a0\u00bb custom_margin=\u00a0\u00bb||21px|||\u00a0\u00bb header_2_font_tablet=\u00a0\u00bb\u00a0\u00bb header_2_font_phone=\u00a0\u00bb\u00a0\u00bb header_2_font_last_edited=\u00a0\u00bbon|desktop\u00a0\u00bb header_2_font_size_tablet=\u00a0\u00bb\u00a0\u00bb header_2_font_size_phone=\u00a0\u00bb30px\u00a0\u00bb header_2_font_size_last_edited=\u00a0\u00bbon|phone\u00a0\u00bb global_colors_info=\u00a0\u00bb{}\u00a0\u00bb]<\/p>\n<h2 style=\"text-align: left;\">2. Flexispot E7 Pro : notre Avis\u00a0<o:p><\/o:p><\/h2>\n<p>[\/et_pb_text][\/et_pb_column][\/et_pb_row][et_pb_row column_structure=\u00a0\u00bb2_3,1_3&Prime; _builder_version=\u00a0\u00bb4.27.0&Prime; _module_preset=\u00a0\u00bbdefault\u00a0\u00bb custom_padding=\u00a0\u00bb5px|5px|5px|5px|true|true\u00a0\u00bb border_radii=\u00a0\u00bbon|10px|10px|10px|10px\u00a0\u00bb global_colors_info=\u00a0\u00bb{}\u00a0\u00bb][et_pb_column type=\u00a0\u00bb2_3&Prime; _builder_version=\u00a0\u00bb4.27.0&Prime; _module_preset=\u00a0\u00bbdefault\u00a0\u00bb global_colors_info=\u00a0\u00bb{}\u00a0\u00bb][et_pb_text _builder_version=\u00a0\u00bb4.16&Prime; _module_preset=\u00a0\u00bbdefault\u00a0\u00bb link_font=\u00a0\u00bb||||on||||\u00a0\u00bb link_text_color=\u00a0\u00bb#000000&Prime; header_3_text_color=\u00a0\u00bb#A5BF4B\u00a0\u00bb global_colors_info=\u00a0\u00bb{}\u00a0\u00bb]<\/p>\n<h3 style=\"text-align: left;\"><span style=\"color: #666666; font-family: Open Sans, Arial, sans-serif;\"><span style=\"font-size: 14px;\"><a href=\"https:\/\/ergodays.com\/fr\/bureau-ergonomique-conseils-et-avis-pour-plus-de-confort-au-quotidien\/\" title=\"Bureau ergonomique\"><\/a>Le Flexispot E7 Pro <strong>dispose de ce qui se fait de mieux actuellement<\/strong> avec son syst\u00e8me de levage \u00e0 deux moteurs, son ch\u00e2ssis \u00e0 triple colonnes, ainsi que son panneau de contr\u00f4le tactile. Les <strong>deux moteurs<\/strong> vont permettre un changement de position fluide et rapide avec une<strong> vitesse de 40 mm\/s<\/strong>. Cette puissance motorisation vous permettra d&rsquo;\u00e9quiper votre bureau comme vous le souhait\u00e9 gr\u00e2ce aux <strong>160 kg de capacit\u00e9 de charge<\/strong>. Contrairement \u00e0 un pied de bureau assis-debout \u00e0 deux colonnes, ce bureau dispose de trois colonnes dans chaque pied. Cela va permettre au bureau d&rsquo;avoir une amplitude plus importante, vous permettant de descendre votre poste de travail <strong>plus bas<\/strong> et de le <strong>monter plus haut<\/strong> que la majorit\u00e9 des bureaux r\u00e9glables en hauteur.\u00a0\u00a0<\/span><\/span><\/h3>\n<p><span style=\"font-size: 14px; color: #666666; font-family: 'Open Sans', Arial, sans-serif;\"><\/span><\/p>\n<p>[\/et_pb_text][et_pb_button button_url=\u00a0\u00bbhttps:\/\/assets.ikhnaie.link\/click.html?wgcampaignid=1726568&#038;wgprogramid=292525&#038;wgtarget=https:\/\/www.flexispot.fr\/nouvelle-generation-bureau-assis-debout-electrique-e7pro?utm_source=Media+&#038;utm_medium=KOL&#038;utm_campaign=Ergodays+\u00a0\u00bb url_new_window=\u00a0\u00bbon\u00a0\u00bb button_text=\u00a0\u00bbV\u00e9rifier la disponibilit\u00e9\u00a0\u00bb button_alignment=\u00a0\u00bbcenter\u00a0\u00bb _builder_version=\u00a0\u00bb4.27.0&Prime; custom_button=\u00a0\u00bbon\u00a0\u00bb button_text_size=\u00a0\u00bb16px\u00a0\u00bb button_text_color=\u00a0\u00bb#FFFFFF\u00a0\u00bb button_bg_color=\u00a0\u00bb#668C4A\u00a0\u00bb button_border_width=\u00a0\u00bb10px\u00a0\u00bb button_border_color=\u00a0\u00bbrgba(47,56,84,0)\u00a0\u00bb button_border_radius=\u00a0\u00bb98px\u00a0\u00bb button_letter_spacing=\u00a0\u00bb1px\u00a0\u00bb button_font=\u00a0\u00bbMontserrat|700||on|||||\u00a0\u00bb button_use_icon=\u00a0\u00bboff\u00a0\u00bb hover_enabled=\u00a0\u00bb0&Prime; button_text_color_hover=\u00a0\u00bb#2f3854&Prime; button_border_radius_hover=\u00a0\u00bb65px\u00a0\u00bb button_letter_spacing_hover=\u00a0\u00bb1px\u00a0\u00bb button_bg_color_hover=\u00a0\u00bbrgba(47,56,84,0.1)\u00a0\u00bb global_colors_info=\u00a0\u00bb{}\u00a0\u00bb button_text_size__hover_enabled=\u00a0\u00bboff\u00a0\u00bb button_one_text_size__hover_enabled=\u00a0\u00bboff\u00a0\u00bb button_two_text_size__hover_enabled=\u00a0\u00bboff\u00a0\u00bb button_text_color__hover_enabled=\u00a0\u00bbon\u00a0\u00bb button_text_color__hover=\u00a0\u00bb#F2F0D5&Prime; button_one_text_color__hover_enabled=\u00a0\u00bboff\u00a0\u00bb button_two_text_color__hover_enabled=\u00a0\u00bboff\u00a0\u00bb button_border_width__hover_enabled=\u00a0\u00bboff\u00a0\u00bb button_one_border_width__hover_enabled=\u00a0\u00bboff\u00a0\u00bb button_two_border_width__hover_enabled=\u00a0\u00bboff\u00a0\u00bb button_border_color__hover_enabled=\u00a0\u00bboff\u00a0\u00bb button_one_border_color__hover_enabled=\u00a0\u00bboff\u00a0\u00bb button_two_border_color__hover_enabled=\u00a0\u00bboff\u00a0\u00bb button_border_radius__hover_enabled=\u00a0\u00bbon\u00a0\u00bb button_border_radius__hover=\u00a0\u00bb65px\u00a0\u00bb button_one_border_radius__hover_enabled=\u00a0\u00bboff\u00a0\u00bb button_two_border_radius__hover_enabled=\u00a0\u00bboff\u00a0\u00bb button_letter_spacing__hover_enabled=\u00a0\u00bbon\u00a0\u00bb button_letter_spacing__hover=\u00a0\u00bb1px\u00a0\u00bb button_one_letter_spacing__hover_enabled=\u00a0\u00bboff\u00a0\u00bb button_two_letter_spacing__hover_enabled=\u00a0\u00bboff\u00a0\u00bb button_bg_color__hover_enabled=\u00a0\u00bbon|hover\u00a0\u00bb button_bg_color__hover=\u00a0\u00bb#A5BF4B\u00a0\u00bb button_one_bg_color__hover_enabled=\u00a0\u00bboff\u00a0\u00bb button_two_bg_color__hover_enabled=\u00a0\u00bboff\u00a0\u00bb button_bg_enable_color__hover=\u00a0\u00bbon\u00a0\u00bb sticky_enabled=\u00a0\u00bb0&Prime;][\/et_pb_button][\/et_pb_column][et_pb_column type=\u00a0\u00bb1_3&Prime; _builder_version=\u00a0\u00bb4.27.0&Prime; _module_preset=\u00a0\u00bbdefault\u00a0\u00bb background_color=\u00a0\u00bb#f7f7f7&Prime; custom_padding=\u00a0\u00bb||||false|false\u00a0\u00bb border_radii=\u00a0\u00bbon|10px|10px|10px|10px\u00a0\u00bb global_colors_info=\u00a0\u00bb{}\u00a0\u00bb][et_pb_text _builder_version=\u00a0\u00bb4.27.0&Prime; _module_preset=\u00a0\u00bbdefault\u00a0\u00bb header_3_font=\u00a0\u00bbOswald||||||||\u00a0\u00bb header_3_text_color=\u00a0\u00bb#668C4A\u00a0\u00bb header_4_text_color=\u00a0\u00bb#A5BF4B\u00a0\u00bb custom_margin=\u00a0\u00bb||3px|||\u00a0\u00bb custom_padding=\u00a0\u00bb10px|10px|10px|10px|true|false\u00a0\u00bb global_colors_info=\u00a0\u00bb{}\u00a0\u00bb]<\/p>\n<h4 style=\"text-align: left;\">Fiche technique<\/h4>\n<p>[\/et_pb_text][et_pb_text _builder_version=\u00a0\u00bb4.27.0&Prime; _module_preset=\u00a0\u00bbdefault\u00a0\u00bb custom_padding=\u00a0\u00bb10px|10px|10px|10px|false|false\u00a0\u00bb global_colors_info=\u00a0\u00bb{}\u00a0\u00bb]<\/p>\n<p><b>Nombre de moteurs <\/b>: 2<br \/><b>Capacit\u00e9 de charge <\/b>: 160 kg<br \/><strong>Vitesse de la mont\u00e9e<\/strong> : 40 mm\/s maximum<br \/><strong>Amplitude de hauteur<\/strong> : 63,5 &#8211; 128,5 cm<br \/><b>M\u00e9moire de position <\/b>: 4 hauteurs m\u00e9morisables<br \/><b>Fonctionnalit\u00e9s <\/b>: Syst\u00e8me anti-collision, s\u00e9curit\u00e9 enfant, port USB<br \/><b>Bruit <\/b>: &lt;50 dB<br \/><b>Garantie <\/b>: 10 ans<\/p>\n<p>[\/et_pb_text][\/et_pb_column][\/et_pb_row][\/et_pb_section][et_pb_section fb_built=\u00a0\u00bb1&Prime; _builder_version=\u00a0\u00bb4.27.0&Prime; _module_preset=\u00a0\u00bbdefault\u00a0\u00bb custom_padding=\u00a0\u00bb27px||25px|||\u00a0\u00bb global_colors_info=\u00a0\u00bb{}\u00a0\u00bb][et_pb_row _builder_version=\u00a0\u00bb4.27.0&Prime; _module_preset=\u00a0\u00bbdefault\u00a0\u00bb global_colors_info=\u00a0\u00bb{}\u00a0\u00bb][et_pb_column type=\u00a0\u00bb4_4&Prime; _builder_version=\u00a0\u00bb4.27.0&Prime; _module_preset=\u00a0\u00bbdefault\u00a0\u00bb global_colors_info=\u00a0\u00bb{}\u00a0\u00bb][et_pb_text _builder_version=\u00a0\u00bb4.27.0&Prime; _module_preset=\u00a0\u00bbdefault\u00a0\u00bb header_2_font=\u00a0\u00bbOswald||||||||\u00a0\u00bb header_2_text_align=\u00a0\u00bbcenter\u00a0\u00bb header_2_text_color=\u00a0\u00bb#000000&Prime; header_2_font_size=\u00a0\u00bb30px\u00a0\u00bb custom_margin=\u00a0\u00bb||21px|||\u00a0\u00bb header_2_font_tablet=\u00a0\u00bb\u00a0\u00bb header_2_font_phone=\u00a0\u00bb\u00a0\u00bb header_2_font_last_edited=\u00a0\u00bbon|desktop\u00a0\u00bb header_2_font_size_tablet=\u00a0\u00bb\u00a0\u00bb header_2_font_size_phone=\u00a0\u00bb30px\u00a0\u00bb header_2_font_size_last_edited=\u00a0\u00bbon|phone\u00a0\u00bb global_colors_info=\u00a0\u00bb{}\u00a0\u00bb]<\/p>\n<h2 style=\"text-align: left;\">3. Flexispot E7 Pro : le Test\u00a0<o:p><\/o:p><\/h2>\n<p>[\/et_pb_text][et_pb_text _builder_version=\u00a0\u00bb4.27.0&Prime; _module_preset=\u00a0\u00bbdefault\u00a0\u00bb link_font=\u00a0\u00bb||||on||||\u00a0\u00bb link_text_color=\u00a0\u00bb#000000&Prime; header_3_font=\u00a0\u00bb|800||on|||||\u00a0\u00bb header_3_text_color=\u00a0\u00bb#000000&Prime; global_colors_info=\u00a0\u00bb{}\u00a0\u00bb]<\/p>\n<h3 style=\"text-align: left;\"><span style=\"color: #666666; font-family: Open Sans, Arial, sans-serif;\"><span style=\"font-size: 14px;\">Livraison<\/span><\/span><\/h3>\n<p style=\"text-align: left;\"><span style=\"color: #666666; font-family: Open Sans, Arial, sans-serif;\"><span style=\"font-size: 14px;\">Nous avons choisi le ch\u00e2ssis en noir avec un petit plateau en bambou de 120 cm par 60. J&rsquo;ai vu beaucoup de commentaires inquiets sur la livraison de leur bureau. Pas de panique, la <strong>livraison se fait en deux colis<\/strong> et peut ne pas se faire le m\u00eame jour. Pour ma part, j&rsquo;ai re\u00e7u le E7 Pro puis le plateau la semaine suivante.<\/span><\/span><\/p>\n<p><span style=\"font-size: 14px; color: #666666; font-family: 'Open Sans', Arial, sans-serif;\"><\/span><\/p>\n<p>[\/et_pb_text][et_pb_image src=\u00a0\u00bbhttps:\/\/ergodays.com\/fr\/wp-content\/uploads\/2024\/07\/colis-flexispot-e7-pro.jpg\u00a0\u00bb alt=\u00a0\u00bbcolis-flexispot-e7-pro\u00a0\u00bb title_text=\u00a0\u00bbcolis-flexispot-e7-pro\u00a0\u00bb align=\u00a0\u00bbcenter\u00a0\u00bb _builder_version=\u00a0\u00bb4.27.0&Prime; _module_preset=\u00a0\u00bbdefault\u00a0\u00bb border_radii=\u00a0\u00bbon|10px|10px|10px|10px\u00a0\u00bb global_colors_info=\u00a0\u00bb{}\u00a0\u00bb][\/et_pb_image][\/et_pb_column][\/et_pb_row][et_pb_row _builder_version=\u00a0\u00bb4.27.0&Prime; _module_preset=\u00a0\u00bbdefault\u00a0\u00bb global_colors_info=\u00a0\u00bb{}\u00a0\u00bb][et_pb_column type=\u00a0\u00bb4_4&Prime; _builder_version=\u00a0\u00bb4.27.0&Prime; _module_preset=\u00a0\u00bbdefault\u00a0\u00bb global_colors_info=\u00a0\u00bb{}\u00a0\u00bb][et_pb_text _builder_version=\u00a0\u00bb4.27.0&Prime; _module_preset=\u00a0\u00bbdefault\u00a0\u00bb link_font=\u00a0\u00bb||||on||||\u00a0\u00bb link_text_color=\u00a0\u00bb#000000&Prime; header_3_font=\u00a0\u00bb|800||on|||||\u00a0\u00bb header_3_text_color=\u00a0\u00bb#000000&Prime; global_colors_info=\u00a0\u00bb{}\u00a0\u00bb]<\/p>\n<h3 style=\"text-align: left;\"><span style=\"color: #666666; font-family: Open Sans, Arial, sans-serif;\"><span style=\"font-size: 14px;\">D\u00e9ballage et assemblage<\/span><\/span><\/h3>\n<p style=\"text-align: left;\">Comme toujours avec Flexispot, les <strong>instructions sont tr\u00e8s claires et l&rsquo;assemblage se fait facilement<\/strong>. J&rsquo;ai mis <strong>moins de 45 minutes<\/strong> en prenant mon temps et en \u00e9tant seul. Il est toutefois recommand\u00e9 d&rsquo;\u00eatre deux, en particulier si vous avez choisi un plus grand bureau. La manipulation peut \u00eatre relativement compliqu\u00e9e avec<strong> l&rsquo;encombrement et le poids<\/strong>. Le cadre du bureau et la motorisation p\u00e8sent \u00e0 eux seul, pr\u00e8s de <strong>40 kg<\/strong>. En choisissant un plateau Flexispot, tous les trous de fixation seront pr\u00e9-perc\u00e9s ce qui facilite grandement le vissage.\u00a0<\/p>\n<p><span style=\"font-size: 14px; color: #666666; font-family: 'Open Sans', Arial, sans-serif;\"><\/span><\/p>\n<p>[\/et_pb_text][et_pb_image src=\u00a0\u00bbhttps:\/\/ergodays.com\/fr\/wp-content\/uploads\/2024\/07\/assemblage-flexispot-e7-pro.jpg\u00a0\u00bb alt=\u00a0\u00bbcolis-flexispot-e7-pro\u00a0\u00bb title_text=\u00a0\u00bbassemblage-flexispot-e7-pro\u00a0\u00bb align=\u00a0\u00bbcenter\u00a0\u00bb _builder_version=\u00a0\u00bb4.27.0&Prime; _module_preset=\u00a0\u00bbdefault\u00a0\u00bb border_radii=\u00a0\u00bbon|10px|10px|10px|10px\u00a0\u00bb global_colors_info=\u00a0\u00bb{}\u00a0\u00bb][\/et_pb_image][\/et_pb_column][\/et_pb_row][et_pb_row _builder_version=\u00a0\u00bb4.27.0&Prime; _module_preset=\u00a0\u00bbdefault\u00a0\u00bb global_colors_info=\u00a0\u00bb{}\u00a0\u00bb][et_pb_column type=\u00a0\u00bb4_4&Prime; _builder_version=\u00a0\u00bb4.27.0&Prime; _module_preset=\u00a0\u00bbdefault\u00a0\u00bb global_colors_info=\u00a0\u00bb{}\u00a0\u00bb][et_pb_text _builder_version=\u00a0\u00bb4.27.0&Prime; _module_preset=\u00a0\u00bbdefault\u00a0\u00bb link_font=\u00a0\u00bb||||on||||\u00a0\u00bb link_text_color=\u00a0\u00bb#000000&Prime; header_3_font=\u00a0\u00bb|800||on|||||\u00a0\u00bb header_3_text_color=\u00a0\u00bb#000000&Prime; global_colors_info=\u00a0\u00bb{}\u00a0\u00bb]<\/p>\n<h3 style=\"text-align: left;\"><span style=\"color: #666666; font-family: Open Sans, Arial, sans-serif;\"><span style=\"font-size: 14px;\">Bureau assembl\u00e9<\/span><\/span><\/h3>\n<p style=\"text-align: left;\">Voici le r\u00e9sultat une fois le <strong>bureau compl\u00e8tement assembl\u00e9<\/strong>. Je suis tr\u00e8s content du r\u00e9sultat. Chaque \u00e9l\u00e9ment \u00e9tait tr\u00e8s bien emball\u00e9 et prot\u00e9g\u00e9 pour le transport, il est superbe ! Le plateau en bambou est tr\u00e8s agr\u00e9able au touch\u00e9. Le bureau est livr\u00e9 avec <strong>diff\u00e9rents accessoires de c\u00e2ble-management<\/strong>. Vous avez un rack directement sous le plateau et diff\u00e9rents clips et adh\u00e9sifs pour les c\u00e2bles.\u00a0<\/p>\n<p><span style=\"font-size: 14px; color: #666666; font-family: 'Open Sans', Arial, sans-serif;\"><\/span><\/p>\n<p>[\/et_pb_text][et_pb_image src=\u00a0\u00bbhttps:\/\/ergodays.com\/fr\/wp-content\/uploads\/2024\/07\/flexispot-e7-pro-bambou.jpg\u00a0\u00bb alt=\u00a0\u00bbcolis-flexispot-e7-pro\u00a0\u00bb title_text=\u00a0\u00bbflexispot-e7-pro-bambou\u00a0\u00bb align=\u00a0\u00bbcenter\u00a0\u00bb _builder_version=\u00a0\u00bb4.27.0&Prime; _module_preset=\u00a0\u00bbdefault\u00a0\u00bb border_radii=\u00a0\u00bbon|10px|10px|10px|10px\u00a0\u00bb global_colors_info=\u00a0\u00bb{}\u00a0\u00bb][\/et_pb_image][\/et_pb_column][\/et_pb_row][et_pb_row _builder_version=\u00a0\u00bb4.27.0&Prime; _module_preset=\u00a0\u00bbdefault\u00a0\u00bb global_colors_info=\u00a0\u00bb{}\u00a0\u00bb][et_pb_column type=\u00a0\u00bb4_4&Prime; _builder_version=\u00a0\u00bb4.27.0&Prime; _module_preset=\u00a0\u00bbdefault\u00a0\u00bb global_colors_info=\u00a0\u00bb{}\u00a0\u00bb][et_pb_text _builder_version=\u00a0\u00bb4.27.0&Prime; _module_preset=\u00a0\u00bbdefault\u00a0\u00bb link_font=\u00a0\u00bb||||on||||\u00a0\u00bb link_text_color=\u00a0\u00bb#000000&Prime; header_3_font=\u00a0\u00bb|800||on|||||\u00a0\u00bb header_3_text_color=\u00a0\u00bb#000000&Prime; global_colors_info=\u00a0\u00bb{}\u00a0\u00bb]<\/p>\n<h3 style=\"text-align: left;\"><span style=\"color: #666666; font-family: Open Sans, Arial, sans-serif;\"><span style=\"font-size: 14px;\">Panneau de controle\u00a0<\/span><\/span><\/h3>\n<p style=\"text-align: left;\">Le panneau de contr\u00f4le offre un affichage LED de la hauteur. Chaque bouton est tactile. Vous pourrez monter ou descendre le plateau directement via les fl\u00e8ches. Les 4 boutons \u00e0 droites vous permettront d&rsquo;enregistrer 4 positions. Le bureau pourra ainsi directement s&rsquo;ajuster \u00e0 la hauteur id\u00e9ale pour travailler assis, debout ou assis-debout. Sur la tranche droite de l&rsquo;ordinateur de bord se trouve un port USB. Cela s&rsquo;av\u00e8re tr\u00e8s pratique pour recharger son t\u00e9l\u00e9phone. Je l&rsquo;utilise \u00e9galement pour recharger ma souris sans fil.\u00a0<\/p>\n<p><span style=\"font-size: 14px; color: #666666; font-family: 'Open Sans', Arial, sans-serif;\"><\/span><\/p>\n<p>[\/et_pb_text][et_pb_image src=\u00a0\u00bbhttps:\/\/ergodays.com\/fr\/wp-content\/uploads\/2024\/07\/panneau-controle-flexispot-e7-pro.jpg\u00a0\u00bb alt=\u00a0\u00bbcolis-flexispot-e7-pro\u00a0\u00bb title_text=\u00a0\u00bbpanneau-controle-flexispot-e7-pro\u00a0\u00bb align=\u00a0\u00bbcenter\u00a0\u00bb _builder_version=\u00a0\u00bb4.27.0&Prime; _module_preset=\u00a0\u00bbdefault\u00a0\u00bb border_radii=\u00a0\u00bbon|10px|10px|10px|10px\u00a0\u00bb global_colors_info=\u00a0\u00bb{}\u00a0\u00bb][\/et_pb_image][\/et_pb_column][\/et_pb_row][\/et_pb_section][et_pb_section fb_built=\u00a0\u00bb1&Prime; _builder_version=\u00a0\u00bb4.16&Prime; _module_preset=\u00a0\u00bbdefault\u00a0\u00bb custom_padding=\u00a0\u00bb25px||35px|||\u00a0\u00bb global_colors_info=\u00a0\u00bb{}\u00a0\u00bb][et_pb_row _builder_version=\u00a0\u00bb4.16&Prime; _module_preset=\u00a0\u00bbdefault\u00a0\u00bb global_colors_info=\u00a0\u00bb{}\u00a0\u00bb][et_pb_column type=\u00a0\u00bb4_4&Prime; _builder_version=\u00a0\u00bb4.16&Prime; _module_preset=\u00a0\u00bbdefault\u00a0\u00bb global_colors_info=\u00a0\u00bb{}\u00a0\u00bb][et_pb_text _builder_version=\u00a0\u00bb4.16&Prime; _module_preset=\u00a0\u00bbdefault\u00a0\u00bb header_2_font=\u00a0\u00bbOswald||||||||\u00a0\u00bb header_2_text_align=\u00a0\u00bbcenter\u00a0\u00bb header_2_text_color=\u00a0\u00bb#000000&Prime; header_2_font_size=\u00a0\u00bb30px\u00a0\u00bb custom_margin=\u00a0\u00bb||21px|||\u00a0\u00bb header_2_font_tablet=\u00a0\u00bb\u00a0\u00bb header_2_font_phone=\u00a0\u00bb\u00a0\u00bb header_2_font_last_edited=\u00a0\u00bbon|desktop\u00a0\u00bb header_2_font_size_tablet=\u00a0\u00bb\u00a0\u00bb header_2_font_size_phone=\u00a0\u00bb30px\u00a0\u00bb header_2_font_size_last_edited=\u00a0\u00bbon|phone\u00a0\u00bb global_colors_info=\u00a0\u00bb{}\u00a0\u00bb]<\/p>\n<h2 style=\"text-align: left;\">4. Conclusion\u00a0<o:p><\/o:p><\/h2>\n<p>[\/et_pb_text][et_pb_text _builder_version=\u00a0\u00bb4.27.0&Prime; _module_preset=\u00a0\u00bbdefault\u00a0\u00bb link_font=\u00a0\u00bb||||on||||\u00a0\u00bb link_text_color=\u00a0\u00bb#000000&Prime; header_3_text_color=\u00a0\u00bb#A5BF4B\u00a0\u00bb global_colors_info=\u00a0\u00bb{}\u00a0\u00bb]<\/p>\n<p style=\"text-align: left;\"><span style=\"color: #666666; font-family: Open Sans, Arial, sans-serif;\"><span style=\"font-size: 14px;\">Le bureau assis-debout Flexispot E7 Pro est selon moi un <strong>excellent bureau<\/strong>, si ce n&rsquo;est <strong>le meilleur bureau assis-debout<\/strong> du moment. Vous pourrez le personnaliser en achetant soit uniquement le ch\u00e2ssis et cr\u00e9er votre plateau, sinon, Flexispot propose un <strong>large choix de plateau<\/strong> en bois massif et en mdf. Son <strong>importante amplitude de hauteur<\/strong> permettra \u00e0 toutes les morphologies de trouver sa position id\u00e9ale. Le gros point positif r\u00e9side dans son syst\u00e8me de levage motoris\u00e9. Disposant d&rsquo;<strong>un moteur de chaque c\u00f4t\u00e9<\/strong> du bureau, le changement de position se fait <strong>sans secousses<\/strong> et de fa\u00e7on <strong>tr\u00e8s rapide<\/strong>. Le E7 Pro est propos\u00e9 \u00e0 <strong>549,99 \u20ac sans plateau<\/strong>. La garantie de 10 ans vous assure un investissement sur le long termes, ce qui relativise grandement ce prix. N\u00e9anmoins, pour les personnes au budget serr\u00e9, le <a href=\"https:\/\/assets.ikhnaie.link\/click.html?wgcampaignid=1642290&amp;wgprogramid=292525&amp;wgtarget=https:\/\/www.flexispot.fr\/bureau-assis-debout-flexispot-standard\" target=\"_blank\" rel=\"noopener\">Flexispot Standard peut \u00eatre une bonne alternative \u00e0 moins de 400 \u20ac avec plateau<\/a>.\u00a0<\/span><\/span><\/p>\n<p><span style=\"font-size: 14px; color: #666666; font-family: 'Open Sans', Arial, sans-serif;\"><\/span><\/p>\n<p>[\/et_pb_text][et_pb_button button_url=\u00a0\u00bbhttps:\/\/assets.ikhnaie.link\/click.html?wgcampaignid=1726568&#038;wgprogramid=292525&#038;wgtarget=https:\/\/www.flexispot.fr\/nouvelle-generation-bureau-assis-debout-electrique-e7pro?utm_source=Media+&#038;utm_medium=KOL&#038;utm_campaign=Ergodays+\u00a0\u00bb url_new_window=\u00a0\u00bbon\u00a0\u00bb button_text=\u00a0\u00bbV\u00e9rifier la disponibilit\u00e9\u00a0\u00bb button_alignment=\u00a0\u00bbcenter\u00a0\u00bb _builder_version=\u00a0\u00bb4.27.0&Prime; custom_button=\u00a0\u00bbon\u00a0\u00bb button_text_size=\u00a0\u00bb16px\u00a0\u00bb button_text_color=\u00a0\u00bb#FFFFFF\u00a0\u00bb button_bg_color=\u00a0\u00bb#668C4A\u00a0\u00bb button_border_width=\u00a0\u00bb10px\u00a0\u00bb button_border_color=\u00a0\u00bbrgba(47,56,84,0)\u00a0\u00bb button_border_radius=\u00a0\u00bb98px\u00a0\u00bb button_letter_spacing=\u00a0\u00bb1px\u00a0\u00bb button_font=\u00a0\u00bbMontserrat|700||on|||||\u00a0\u00bb button_use_icon=\u00a0\u00bboff\u00a0\u00bb hover_enabled=\u00a0\u00bb0&Prime; button_text_color_hover=\u00a0\u00bb#2f3854&Prime; button_border_radius_hover=\u00a0\u00bb65px\u00a0\u00bb button_letter_spacing_hover=\u00a0\u00bb1px\u00a0\u00bb button_bg_color_hover=\u00a0\u00bbrgba(47,56,84,0.1)\u00a0\u00bb global_colors_info=\u00a0\u00bb{}\u00a0\u00bb button_text_size__hover_enabled=\u00a0\u00bboff\u00a0\u00bb button_one_text_size__hover_enabled=\u00a0\u00bboff\u00a0\u00bb button_two_text_size__hover_enabled=\u00a0\u00bboff\u00a0\u00bb button_text_color__hover_enabled=\u00a0\u00bbon\u00a0\u00bb button_text_color__hover=\u00a0\u00bb#F2F0D5&Prime; button_one_text_color__hover_enabled=\u00a0\u00bboff\u00a0\u00bb button_two_text_color__hover_enabled=\u00a0\u00bboff\u00a0\u00bb button_border_width__hover_enabled=\u00a0\u00bboff\u00a0\u00bb button_one_border_width__hover_enabled=\u00a0\u00bboff\u00a0\u00bb button_two_border_width__hover_enabled=\u00a0\u00bboff\u00a0\u00bb button_border_color__hover_enabled=\u00a0\u00bboff\u00a0\u00bb button_one_border_color__hover_enabled=\u00a0\u00bboff\u00a0\u00bb button_two_border_color__hover_enabled=\u00a0\u00bboff\u00a0\u00bb button_border_radius__hover_enabled=\u00a0\u00bbon\u00a0\u00bb button_border_radius__hover=\u00a0\u00bb65px\u00a0\u00bb button_one_border_radius__hover_enabled=\u00a0\u00bboff\u00a0\u00bb button_two_border_radius__hover_enabled=\u00a0\u00bboff\u00a0\u00bb button_letter_spacing__hover_enabled=\u00a0\u00bbon\u00a0\u00bb button_letter_spacing__hover=\u00a0\u00bb1px\u00a0\u00bb button_one_letter_spacing__hover_enabled=\u00a0\u00bboff\u00a0\u00bb button_two_letter_spacing__hover_enabled=\u00a0\u00bboff\u00a0\u00bb button_bg_color__hover_enabled=\u00a0\u00bbon|hover\u00a0\u00bb button_bg_color__hover=\u00a0\u00bb#A5BF4B\u00a0\u00bb button_one_bg_color__hover_enabled=\u00a0\u00bboff\u00a0\u00bb button_two_bg_color__hover_enabled=\u00a0\u00bboff\u00a0\u00bb button_bg_enable_color__hover=\u00a0\u00bbon\u00a0\u00bb sticky_enabled=\u00a0\u00bb0&Prime;][\/et_pb_button][\/et_pb_column][\/et_pb_row][\/et_pb_section][et_pb_section fb_built=\u00a0\u00bb1&Prime; _builder_version=\u00a0\u00bb4.16&Prime; _module_preset=\u00a0\u00bbdefault\u00a0\u00bb background_color=\u00a0\u00bb#F7F7F7&Prime; global_colors_info=\u00a0\u00bb{}\u00a0\u00bb][et_pb_row _builder_version=\u00a0\u00bb4.16&Prime; _module_preset=\u00a0\u00bbdefault\u00a0\u00bb global_colors_info=\u00a0\u00bb{}\u00a0\u00bb][et_pb_column type=\u00a0\u00bb4_4&Prime; _builder_version=\u00a0\u00bb4.16&Prime; _module_preset=\u00a0\u00bbdefault\u00a0\u00bb global_colors_info=\u00a0\u00bb{}\u00a0\u00bb][et_pb_text _builder_version=\u00a0\u00bb4.16&Prime; _module_preset=\u00a0\u00bbdefault\u00a0\u00bb header_2_text_align=\u00a0\u00bbcenter\u00a0\u00bb header_2_text_color=\u00a0\u00bb#000000&Prime; header_2_font_size=\u00a0\u00bb30px\u00a0\u00bb global_colors_info=\u00a0\u00bb{}\u00a0\u00bb]<\/p>\n<h2>Ces articles pourraient aussi vous int\u00e9resser :<\/h2>\n<p>[\/et_pb_text][et_pb_blog fullwidth=\u00a0\u00bboff\u00a0\u00bb posts_number=\u00a0\u00bb3&Prime; include_categories=\u00a0\u00bb3&Prime; use_manual_excerpt=\u00a0\u00bboff\u00a0\u00bb show_author=\u00a0\u00bboff\u00a0\u00bb show_date=\u00a0\u00bboff\u00a0\u00bb show_categories=\u00a0\u00bboff\u00a0\u00bb show_excerpt=\u00a0\u00bboff\u00a0\u00bb show_pagination=\u00a0\u00bboff\u00a0\u00bb offset_number=\u00a0\u00bb1&Prime; _builder_version=\u00a0\u00bb4.22.1&Prime; _module_preset=\u00a0\u00bbdefault\u00a0\u00bb global_colors_info=\u00a0\u00bb{}\u00a0\u00bb][\/et_pb_blog][\/et_pb_column][\/et_pb_row][\/et_pb_section]<\/p>\n","protected":false},"excerpt":{"rendered":"<p>La marque incontournable de l&rsquo;ergonomie et des bureaux r\u00e9glables en hauteur lance un nouveau mod\u00e8le, le Flexispot E7 Pro. Il s\u2019agit de la version ultime de la s\u00e9rie E7, pour laquelle Flexispot a mis les petits plats dans les grands. Ce bureau promet une exp\u00e9rience de travail optimale, alliant ergonomie, robustesse et design \u00e9l\u00e9gant. Dans [&hellip;]<\/p>\n","protected":false},"author":1,"featured_media":2234,"comment_status":"open","ping_status":"open","sticky":false,"template":"","format":"standard","meta":{"_et_pb_use_builder":"on","_et_pb_old_content":"","_et_gb_content_width":"1080","footnotes":""},"categories":[23,25],"tags":[],"class_list":["post-2194","post","type-post","status-publish","format-standard","has-post-thumbnail","hentry","category-bien-etre","category-blog"],"yoast_head":"<!-- This site is optimized with the Yoast SEO plugin v27.1.1 - https:\/\/yoast.com\/product\/yoast-seo-wordpress\/ -->\n<title>Test Flexispot E7 Pro : Meilleur Bureau assis-debout du moment ? - Ergodays<\/title>\n<meta name=\"description\" content=\"D\u00e9couvrez notre test complet du bureau assis-debout E7 Pro de Flexispot. Performance, ergonomie et design : tout ce que vous devez savoir avant d&#039;acheter\" \/>\n<meta name=\"robots\" content=\"index, follow, max-snippet:-1, max-image-preview:large, max-video-preview:-1\" \/>\n<link rel=\"canonical\" href=\"https:\/\/ergodays.com\/fr\/test-bureau-assis-debout-flexispot-e7-pro-avis\/\" \/>\n<meta property=\"og:locale\" content=\"fr_FR\" \/>\n<meta property=\"og:type\" content=\"article\" \/>\n<meta property=\"og:title\" content=\"Test Flexispot E7 Pro : Meilleur Bureau assis-debout du moment ? - Ergodays\" \/>\n<meta property=\"og:description\" content=\"D\u00e9couvrez notre test complet du bureau assis-debout E7 Pro de Flexispot. Performance, ergonomie et design : tout ce que vous devez savoir avant d&#039;acheter\" \/>\n<meta property=\"og:url\" content=\"https:\/\/ergodays.com\/fr\/test-bureau-assis-debout-flexispot-e7-pro-avis\/\" \/>\n<meta property=\"og:site_name\" content=\"Ergodays\" \/>\n<meta property=\"article:published_time\" content=\"2024-07-26T09:07:18+00:00\" \/>\n<meta property=\"article:modified_time\" content=\"2025-06-11T13:35:45+00:00\" \/>\n<meta property=\"og:image\" content=\"https:\/\/ergodays.com\/fr\/wp-content\/uploads\/2024\/07\/test-flexispot-e7-pro-avis-test.jpg\" \/>\n\t<meta property=\"og:image:width\" content=\"1080\" \/>\n\t<meta property=\"og:image:height\" content=\"675\" \/>\n\t<meta property=\"og:image:type\" content=\"image\/jpeg\" \/>\n<meta name=\"author\" content=\"Nicolas\" \/>\n<meta name=\"twitter:card\" content=\"summary_large_image\" \/>\n<script type=\"application\/ld+json\" class=\"yoast-schema-graph\">{\"@context\":\"https:\/\/schema.org\",\"@graph\":[{\"@type\":\"Article\",\"@id\":\"https:\/\/ergodays.com\/fr\/test-bureau-assis-debout-flexispot-e7-pro-avis\/#article\",\"isPartOf\":{\"@id\":\"https:\/\/ergodays.com\/fr\/test-bureau-assis-debout-flexispot-e7-pro-avis\/\"},\"author\":{\"name\":\"Nicolas\",\"@id\":\"https:\/\/ergodays.com\/fr\/#\/schema\/person\/e91f77b48593c8febd62a82c4f01bfca\"},\"headline\":\"Test Flexispot E7 Pro : Meilleur Bureau assis-debout du moment ?\",\"datePublished\":\"2024-07-26T09:07:18+00:00\",\"dateModified\":\"2025-06-11T13:35:45+00:00\",\"mainEntityOfPage\":{\"@id\":\"https:\/\/ergodays.com\/fr\/test-bureau-assis-debout-flexispot-e7-pro-avis\/\"},\"wordCount\":2751,\"commentCount\":0,\"publisher\":{\"@id\":\"https:\/\/ergodays.com\/fr\/#organization\"},\"image\":{\"@id\":\"https:\/\/ergodays.com\/fr\/test-bureau-assis-debout-flexispot-e7-pro-avis\/#primaryimage\"},\"thumbnailUrl\":\"https:\/\/ergodays.com\/fr\/wp-content\/uploads\/2024\/07\/test-flexispot-e7-pro-avis-test.jpg\",\"articleSection\":[\"Bien-\u00eatre\",\"Blog\"],\"inLanguage\":\"fr-FR\",\"potentialAction\":[{\"@type\":\"CommentAction\",\"name\":\"Comment\",\"target\":[\"https:\/\/ergodays.com\/fr\/test-bureau-assis-debout-flexispot-e7-pro-avis\/#respond\"]}]},{\"@type\":\"WebPage\",\"@id\":\"https:\/\/ergodays.com\/fr\/test-bureau-assis-debout-flexispot-e7-pro-avis\/\",\"url\":\"https:\/\/ergodays.com\/fr\/test-bureau-assis-debout-flexispot-e7-pro-avis\/\",\"name\":\"Test Flexispot E7 Pro : Meilleur Bureau assis-debout du moment ? - Ergodays\",\"isPartOf\":{\"@id\":\"https:\/\/ergodays.com\/fr\/#website\"},\"primaryImageOfPage\":{\"@id\":\"https:\/\/ergodays.com\/fr\/test-bureau-assis-debout-flexispot-e7-pro-avis\/#primaryimage\"},\"image\":{\"@id\":\"https:\/\/ergodays.com\/fr\/test-bureau-assis-debout-flexispot-e7-pro-avis\/#primaryimage\"},\"thumbnailUrl\":\"https:\/\/ergodays.com\/fr\/wp-content\/uploads\/2024\/07\/test-flexispot-e7-pro-avis-test.jpg\",\"datePublished\":\"2024-07-26T09:07:18+00:00\",\"dateModified\":\"2025-06-11T13:35:45+00:00\",\"description\":\"D\u00e9couvrez notre test complet du bureau assis-debout E7 Pro de Flexispot. Performance, ergonomie et design : tout ce que vous devez savoir avant d'acheter\",\"breadcrumb\":{\"@id\":\"https:\/\/ergodays.com\/fr\/test-bureau-assis-debout-flexispot-e7-pro-avis\/#breadcrumb\"},\"inLanguage\":\"fr-FR\",\"potentialAction\":[{\"@type\":\"ReadAction\",\"target\":[\"https:\/\/ergodays.com\/fr\/test-bureau-assis-debout-flexispot-e7-pro-avis\/\"]}]},{\"@type\":\"ImageObject\",\"inLanguage\":\"fr-FR\",\"@id\":\"https:\/\/ergodays.com\/fr\/test-bureau-assis-debout-flexispot-e7-pro-avis\/#primaryimage\",\"url\":\"https:\/\/ergodays.com\/fr\/wp-content\/uploads\/2024\/07\/test-flexispot-e7-pro-avis-test.jpg\",\"contentUrl\":\"https:\/\/ergodays.com\/fr\/wp-content\/uploads\/2024\/07\/test-flexispot-e7-pro-avis-test.jpg\",\"width\":1080,\"height\":675},{\"@type\":\"BreadcrumbList\",\"@id\":\"https:\/\/ergodays.com\/fr\/test-bureau-assis-debout-flexispot-e7-pro-avis\/#breadcrumb\",\"itemListElement\":[{\"@type\":\"ListItem\",\"position\":1,\"name\":\"Accueil\",\"item\":\"https:\/\/ergodays.com\/fr\/\"},{\"@type\":\"ListItem\",\"position\":2,\"name\":\"Test Flexispot E7 Pro : Meilleur Bureau assis-debout du moment ?\"}]},{\"@type\":\"WebSite\",\"@id\":\"https:\/\/ergodays.com\/fr\/#website\",\"url\":\"https:\/\/ergodays.com\/fr\/\",\"name\":\"Ergodays\",\"description\":\"Faire entrer l&#039;ergonomie dans notre quotidien\",\"publisher\":{\"@id\":\"https:\/\/ergodays.com\/fr\/#organization\"},\"potentialAction\":[{\"@type\":\"SearchAction\",\"target\":{\"@type\":\"EntryPoint\",\"urlTemplate\":\"https:\/\/ergodays.com\/fr\/?s={search_term_string}\"},\"query-input\":{\"@type\":\"PropertyValueSpecification\",\"valueRequired\":true,\"valueName\":\"search_term_string\"}}],\"inLanguage\":\"fr-FR\"},{\"@type\":\"Organization\",\"@id\":\"https:\/\/ergodays.com\/fr\/#organization\",\"name\":\"Ergodays\",\"url\":\"https:\/\/ergodays.com\/fr\/\",\"logo\":{\"@type\":\"ImageObject\",\"inLanguage\":\"fr-FR\",\"@id\":\"https:\/\/ergodays.com\/fr\/#\/schema\/logo\/image\/\",\"url\":\"https:\/\/ergodays.com\/fr\/wp-content\/uploads\/2021\/10\/logo-carre-ergodays-500-zoom.png\",\"contentUrl\":\"https:\/\/ergodays.com\/fr\/wp-content\/uploads\/2021\/10\/logo-carre-ergodays-500-zoom.png\",\"width\":500,\"height\":500,\"caption\":\"Ergodays\"},\"image\":{\"@id\":\"https:\/\/ergodays.com\/fr\/#\/schema\/logo\/image\/\"}},{\"@type\":\"Person\",\"@id\":\"https:\/\/ergodays.com\/fr\/#\/schema\/person\/e91f77b48593c8febd62a82c4f01bfca\",\"name\":\"Nicolas\",\"image\":{\"@type\":\"ImageObject\",\"inLanguage\":\"fr-FR\",\"@id\":\"https:\/\/ergodays.com\/fr\/#\/schema\/person\/image\/\",\"url\":\"https:\/\/secure.gravatar.com\/avatar\/e5eb09d2e7bf89825ebdfe37decdcaf89b3396fbffa5c066918e0b78b80ae1b2?s=96&d=mm&r=g\",\"contentUrl\":\"https:\/\/secure.gravatar.com\/avatar\/e5eb09d2e7bf89825ebdfe37decdcaf89b3396fbffa5c066918e0b78b80ae1b2?s=96&d=mm&r=g\",\"caption\":\"Nicolas\"},\"sameAs\":[\"http:\/\/ergodays.com\/fr\"]}]}<\/script>\n<!-- \/ Yoast SEO plugin. -->","yoast_head_json":{"title":"Test Flexispot E7 Pro : Meilleur Bureau assis-debout du moment ? - Ergodays","description":"D\u00e9couvrez notre test complet du bureau assis-debout E7 Pro de Flexispot. Performance, ergonomie et design : tout ce que vous devez savoir avant d'acheter","robots":{"index":"index","follow":"follow","max-snippet":"max-snippet:-1","max-image-preview":"max-image-preview:large","max-video-preview":"max-video-preview:-1"},"canonical":"https:\/\/ergodays.com\/fr\/test-bureau-assis-debout-flexispot-e7-pro-avis\/","og_locale":"fr_FR","og_type":"article","og_title":"Test Flexispot E7 Pro : Meilleur Bureau assis-debout du moment ? - Ergodays","og_description":"D\u00e9couvrez notre test complet du bureau assis-debout E7 Pro de Flexispot. Performance, ergonomie et design : tout ce que vous devez savoir avant d'acheter","og_url":"https:\/\/ergodays.com\/fr\/test-bureau-assis-debout-flexispot-e7-pro-avis\/","og_site_name":"Ergodays","article_published_time":"2024-07-26T09:07:18+00:00","article_modified_time":"2025-06-11T13:35:45+00:00","og_image":[{"width":1080,"height":675,"url":"https:\/\/ergodays.com\/fr\/wp-content\/uploads\/2024\/07\/test-flexispot-e7-pro-avis-test.jpg","type":"image\/jpeg"}],"author":"Nicolas","twitter_card":"summary_large_image","schema":{"@context":"https:\/\/schema.org","@graph":[{"@type":"Article","@id":"https:\/\/ergodays.com\/fr\/test-bureau-assis-debout-flexispot-e7-pro-avis\/#article","isPartOf":{"@id":"https:\/\/ergodays.com\/fr\/test-bureau-assis-debout-flexispot-e7-pro-avis\/"},"author":{"name":"Nicolas","@id":"https:\/\/ergodays.com\/fr\/#\/schema\/person\/e91f77b48593c8febd62a82c4f01bfca"},"headline":"Test Flexispot E7 Pro : Meilleur Bureau assis-debout du moment ?","datePublished":"2024-07-26T09:07:18+00:00","dateModified":"2025-06-11T13:35:45+00:00","mainEntityOfPage":{"@id":"https:\/\/ergodays.com\/fr\/test-bureau-assis-debout-flexispot-e7-pro-avis\/"},"wordCount":2751,"commentCount":0,"publisher":{"@id":"https:\/\/ergodays.com\/fr\/#organization"},"image":{"@id":"https:\/\/ergodays.com\/fr\/test-bureau-assis-debout-flexispot-e7-pro-avis\/#primaryimage"},"thumbnailUrl":"https:\/\/ergodays.com\/fr\/wp-content\/uploads\/2024\/07\/test-flexispot-e7-pro-avis-test.jpg","articleSection":["Bien-\u00eatre","Blog"],"inLanguage":"fr-FR","potentialAction":[{"@type":"CommentAction","name":"Comment","target":["https:\/\/ergodays.com\/fr\/test-bureau-assis-debout-flexispot-e7-pro-avis\/#respond"]}]},{"@type":"WebPage","@id":"https:\/\/ergodays.com\/fr\/test-bureau-assis-debout-flexispot-e7-pro-avis\/","url":"https:\/\/ergodays.com\/fr\/test-bureau-assis-debout-flexispot-e7-pro-avis\/","name":"Test Flexispot E7 Pro : Meilleur Bureau assis-debout du moment ? - Ergodays","isPartOf":{"@id":"https:\/\/ergodays.com\/fr\/#website"},"primaryImageOfPage":{"@id":"https:\/\/ergodays.com\/fr\/test-bureau-assis-debout-flexispot-e7-pro-avis\/#primaryimage"},"image":{"@id":"https:\/\/ergodays.com\/fr\/test-bureau-assis-debout-flexispot-e7-pro-avis\/#primaryimage"},"thumbnailUrl":"https:\/\/ergodays.com\/fr\/wp-content\/uploads\/2024\/07\/test-flexispot-e7-pro-avis-test.jpg","datePublished":"2024-07-26T09:07:18+00:00","dateModified":"2025-06-11T13:35:45+00:00","description":"D\u00e9couvrez notre test complet du bureau assis-debout E7 Pro de Flexispot. Performance, ergonomie et design : tout ce que vous devez savoir avant d'acheter","breadcrumb":{"@id":"https:\/\/ergodays.com\/fr\/test-bureau-assis-debout-flexispot-e7-pro-avis\/#breadcrumb"},"inLanguage":"fr-FR","potentialAction":[{"@type":"ReadAction","target":["https:\/\/ergodays.com\/fr\/test-bureau-assis-debout-flexispot-e7-pro-avis\/"]}]},{"@type":"ImageObject","inLanguage":"fr-FR","@id":"https:\/\/ergodays.com\/fr\/test-bureau-assis-debout-flexispot-e7-pro-avis\/#primaryimage","url":"https:\/\/ergodays.com\/fr\/wp-content\/uploads\/2024\/07\/test-flexispot-e7-pro-avis-test.jpg","contentUrl":"https:\/\/ergodays.com\/fr\/wp-content\/uploads\/2024\/07\/test-flexispot-e7-pro-avis-test.jpg","width":1080,"height":675},{"@type":"BreadcrumbList","@id":"https:\/\/ergodays.com\/fr\/test-bureau-assis-debout-flexispot-e7-pro-avis\/#breadcrumb","itemListElement":[{"@type":"ListItem","position":1,"name":"Accueil","item":"https:\/\/ergodays.com\/fr\/"},{"@type":"ListItem","position":2,"name":"Test Flexispot E7 Pro : Meilleur Bureau assis-debout du moment ?"}]},{"@type":"WebSite","@id":"https:\/\/ergodays.com\/fr\/#website","url":"https:\/\/ergodays.com\/fr\/","name":"Ergodays","description":"Faire entrer l&#039;ergonomie dans notre quotidien","publisher":{"@id":"https:\/\/ergodays.com\/fr\/#organization"},"potentialAction":[{"@type":"SearchAction","target":{"@type":"EntryPoint","urlTemplate":"https:\/\/ergodays.com\/fr\/?s={search_term_string}"},"query-input":{"@type":"PropertyValueSpecification","valueRequired":true,"valueName":"search_term_string"}}],"inLanguage":"fr-FR"},{"@type":"Organization","@id":"https:\/\/ergodays.com\/fr\/#organization","name":"Ergodays","url":"https:\/\/ergodays.com\/fr\/","logo":{"@type":"ImageObject","inLanguage":"fr-FR","@id":"https:\/\/ergodays.com\/fr\/#\/schema\/logo\/image\/","url":"https:\/\/ergodays.com\/fr\/wp-content\/uploads\/2021\/10\/logo-carre-ergodays-500-zoom.png","contentUrl":"https:\/\/ergodays.com\/fr\/wp-content\/uploads\/2021\/10\/logo-carre-ergodays-500-zoom.png","width":500,"height":500,"caption":"Ergodays"},"image":{"@id":"https:\/\/ergodays.com\/fr\/#\/schema\/logo\/image\/"}},{"@type":"Person","@id":"https:\/\/ergodays.com\/fr\/#\/schema\/person\/e91f77b48593c8febd62a82c4f01bfca","name":"Nicolas","image":{"@type":"ImageObject","inLanguage":"fr-FR","@id":"https:\/\/ergodays.com\/fr\/#\/schema\/person\/image\/","url":"https:\/\/secure.gravatar.com\/avatar\/e5eb09d2e7bf89825ebdfe37decdcaf89b3396fbffa5c066918e0b78b80ae1b2?s=96&d=mm&r=g","contentUrl":"https:\/\/secure.gravatar.com\/avatar\/e5eb09d2e7bf89825ebdfe37decdcaf89b3396fbffa5c066918e0b78b80ae1b2?s=96&d=mm&r=g","caption":"Nicolas"},"sameAs":["http:\/\/ergodays.com\/fr"]}]}},"_links":{"self":[{"href":"https:\/\/ergodays.com\/fr\/wp-json\/wp\/v2\/posts\/2194","targetHints":{"allow":["GET"]}}],"collection":[{"href":"https:\/\/ergodays.com\/fr\/wp-json\/wp\/v2\/posts"}],"about":[{"href":"https:\/\/ergodays.com\/fr\/wp-json\/wp\/v2\/types\/post"}],"author":[{"embeddable":true,"href":"https:\/\/ergodays.com\/fr\/wp-json\/wp\/v2\/users\/1"}],"replies":[{"embeddable":true,"href":"https:\/\/ergodays.com\/fr\/wp-json\/wp\/v2\/comments?post=2194"}],"version-history":[{"count":26,"href":"https:\/\/ergodays.com\/fr\/wp-json\/wp\/v2\/posts\/2194\/revisions"}],"predecessor-version":[{"id":2250,"href":"https:\/\/ergodays.com\/fr\/wp-json\/wp\/v2\/posts\/2194\/revisions\/2250"}],"wp:featuredmedia":[{"embeddable":true,"href":"https:\/\/ergodays.com\/fr\/wp-json\/wp\/v2\/media\/2234"}],"wp:attachment":[{"href":"https:\/\/ergodays.com\/fr\/wp-json\/wp\/v2\/media?parent=2194"}],"wp:term":[{"taxonomy":"category","embeddable":true,"href":"https:\/\/ergodays.com\/fr\/wp-json\/wp\/v2\/categories?post=2194"},{"taxonomy":"post_tag","embeddable":true,"href":"https:\/\/ergodays.com\/fr\/wp-json\/wp\/v2\/tags?post=2194"}],"curies":[{"name":"wp","href":"https:\/\/api.w.org\/{rel}","templated":true}]}}