{"id":2641,"date":"2025-07-28T09:40:26","date_gmt":"2025-07-28T07:40:26","guid":{"rendered":"https:\/\/ergodays.com\/fr\/?p=2641"},"modified":"2025-07-19T19:10:25","modified_gmt":"2025-07-19T17:10:25","slug":"soulager-douleurs-facetaires-lombaires","status":"publish","type":"post","link":"https:\/\/ergodays.com\/fr\/soulager-douleurs-facetaires-lombaires\/","title":{"rendered":"Douleurs facettaires lombaires : soulager sans chirurgie"},"content":{"rendered":"\n<p>Vos douleurs lombaires vous empoisonnent la vie&nbsp;? Les facettes articulaires lombaires pourraient \u00eatre en cause. Dans cet article, vous d\u00e9couvrirez des informations claires et fiables pour mieux comprendre ces douleurs et les soulager sans op\u00e9ration.<\/p>\n\n\n\n<p>Nous explorerons ensemble l\u2019anatomie de ces articulations, les causes de leur inflammation, et surtout, les solutions concr\u00e8tes pour retrouver votre mobilit\u00e9. Pr\u00eat \u00e0 reprendre le contr\u00f4le de votre dos&nbsp;? Suivez le guide.<\/p>\n\n\n\n<p>Les douleurs facettaires lombaires, souvent m\u00e9connues, peuvent \u00eatre soulag\u00e9es sans chirurgie gr\u00e2ce \u00e0 des traitements conservateurs comme les m\u00e9dicaments, la kin\u00e9sith\u00e9rapie et les exercices. Adopter une bonne posture au quotidien et renforcer ses muscles lombaires sont essentiels pour pr\u00e9venir ces douleurs et pr\u00e9server la sant\u00e9 de son dos. N\u2019h\u00e9sitez pas \u00e0 consulter un professionnel de sant\u00e9 pour un diagnostic pr\u00e9cis et une prise en charge adapt\u00e9e.<\/p>\n\n\n\n<h2 class=\"wp-block-heading\">Facettes articulaires lombaires : qu&rsquo;est-ce que c&rsquo;est<\/h2>\n\n\n\n<p>Vous souffrez de <strong>douleurs lombaires<\/strong>&nbsp;? Les <strong>facettes articulaires<\/strong> pourraient \u00eatre en cause. D\u00e9couvrons ensemble l\u2019anatomie, le r\u00f4le et les probl\u00e8mes potentiels de ces petites articulations souvent m\u00e9connues.<\/p>\n\n\n\n<h3 class=\"wp-block-heading\">Anatomie des facettes articulaires lombaires<\/h3>\n\n\n\n<p>Les <strong>facettes articulaires<\/strong> sont de petites articulations situ\u00e9es \u00e0 l&rsquo;arri\u00e8re de chaque <strong>vert\u00e8bre lombaire<\/strong>. Elles relient les vert\u00e8bres entre elles et guident les mouvements de la <strong>colonne vert\u00e9brale<\/strong>. Imaginez-les comme de petits charni\u00e8res qui permettent la <strong>flexion<\/strong>, l\u2019<strong>extension<\/strong> et la <strong>rotation du dos<\/strong>. Chaque vert\u00e8bre poss\u00e8de deux paires de facettes, une sup\u00e9rieure et une inf\u00e9rieure, qui s\u2019embo\u00eetent avec les vert\u00e8bres adjacentes. Leur bon fonctionnement est crucial pour la <strong>stabilit\u00e9<\/strong> et la <strong>mobilit\u00e9 du bas du dos<\/strong>.<\/p>\n\n\n\n<h3 class=\"wp-block-heading\">R\u00f4le et importance pour la mobilit\u00e9<\/h3>\n\n\n\n<p>Les <strong>facettes articulaires lombaires<\/strong> permettent une grande vari\u00e9t\u00e9 de mouvements du tronc, tels que la <strong>flexion<\/strong>, l\u2019<strong>extension<\/strong>, la <strong>rotation<\/strong> et l\u2019<strong>inclinaison lat\u00e9rale<\/strong>. Leur bon fonctionnement est essentiel pour une <strong>posture correcte<\/strong> et une <strong>mobilit\u00e9 optimale<\/strong>. Se pencher, se tourner ou simplement se tenir debout droit&nbsp;: tous ces mouvements sollicitent les facettes articulaires. La <strong>d\u00e9g\u00e9n\u00e9rescence<\/strong> de ces articulations peut entra\u00eener une <strong>limitation de la mobilit\u00e9<\/strong>, notamment chez les <strong>personnes \u00e2g\u00e9es<\/strong>.<\/p>\n\n\n\n<h3 class=\"wp-block-heading\">Comment ces facettes deviennent-elles douloureuses&nbsp;?<\/h3>\n\n\n\n<p>Plusieurs facteurs peuvent \u00eatre \u00e0 l\u2019origine des <strong>douleurs facettaires<\/strong>. L\u2019<strong>arthrose<\/strong>, l\u2019<strong>usure du cartilage<\/strong>, les <strong>traumatismes<\/strong>, les <strong>mauvaises postures r\u00e9p\u00e9t\u00e9es<\/strong> ou le <strong>surpoids<\/strong> peuvent irriter et enflammer ces articulations. Les <strong>postures prolong\u00e9es en position assise<\/strong>, fr\u00e9quentes en <strong>t\u00e9l\u00e9travail<\/strong>, peuvent \u00e9galement solliciter excessivement les facettes articulaires lombaires. Rester assis de longues heures devant un ordinateur sans bouger et sans adapter son poste de travail est un facteur de risque important.<\/p>\n\n\n\n<h3 class=\"wp-block-heading\">Sympt\u00f4mes et manifestations d\u2019une douleur facettaire<\/h3>\n\n\n\n<p>La <strong>douleur facettaire<\/strong> se manifeste g\u00e9n\u00e9ralement par une <strong>douleur localis\u00e9e dans le bas du dos<\/strong>, qui peut <strong>irradier vers les fesses ou les cuisses<\/strong>. Cette douleur est souvent aggrav\u00e9e par l\u2019<strong>extension du dos<\/strong>, la <strong>rotation<\/strong> ou la <strong>position debout prolong\u00e9e<\/strong>. Elle peut s\u2019accompagner de <strong>raideurs<\/strong> et de <strong>limitations de mouvement<\/strong>. Si vous pr\u00e9sentez ces sympt\u00f4mes, consultez un professionnel de sant\u00e9.<\/p>\n\n\n\n<blockquote class=\"wp-block-quote is-layout-flow wp-block-quote-is-layout-flow\">\n<p>Pour soulager les tensions musculaires, appliquez une source de chaleur douce, comme une bouillotte, sur la zone douloureuse.<\/p>\n<\/blockquote>\n\n\n\n<h2 class=\"wp-block-heading\">Identifier une douleur facettaire lombaire<\/h2>\n\n\n\n<p>Vous souffrez de douleurs dans le bas du dos&nbsp;? Il peut \u00eatre difficile d\u2019en d\u00e9terminer la cause exacte. Apprenons ensemble \u00e0 identifier les signes sp\u00e9cifiques d\u2019une <strong>douleur facettaire lombaire<\/strong>.<\/p>\n\n\n\n<h3 class=\"wp-block-heading\">Douleur facettaire&nbsp;: les signes qui ne trompent pas<\/h3>\n\n\n\n<p>La <strong>douleur facettaire lombaire<\/strong> pr\u00e9sente des caract\u00e9ristiques sp\u00e9cifiques. Elle est g\u00e9n\u00e9ralement localis\u00e9e dans le <strong>bas du dos<\/strong>, de part et d\u2019autre de la <strong>colonne vert\u00e9brale<\/strong>. Elle peut irradier vers les <strong>fesses<\/strong> et les <strong>cuisses<\/strong>, mais rarement sous le genou. La douleur est souvent aggrav\u00e9e par l\u2019<strong>extension du dos<\/strong> (vous pencher en arri\u00e8re, rester debout longtemps) et soulag\u00e9e en <strong>position fl\u00e9chie<\/strong> (assis). Elle est souvent d\u00e9crite comme une <strong>douleur sourde et profonde<\/strong>, parfois accompagn\u00e9e de <strong>raideurs matinales<\/strong>.<\/p>\n\n\n\n<h3 class=\"wp-block-heading\">Diagnostic&nbsp;: comment reconna\u00eetre une douleur facettaire&nbsp;?<\/h3>\n\n\n\n<p>Le diagnostic d\u2019une <strong>douleur facettaire<\/strong> repose sur un <strong>examen clinique<\/strong> r\u00e9alis\u00e9 par un m\u00e9decin. Il \u00e9valuera votre <strong>posture<\/strong>, votre <strong>mobilit\u00e9<\/strong> et recherchera des <strong>points douloureux<\/strong>. Des examens compl\u00e9mentaires (<strong>radiographie<\/strong>, <strong>scanner<\/strong> ou <strong>IRM<\/strong>) peuvent \u00eatre prescrits. L\u2019injection d\u2019un <strong>anesth\u00e9sique local<\/strong> au niveau des facettes articulaires peut aider \u00e0 confirmer le diagnostic.<\/p>\n\n\n\n<h3 class=\"wp-block-heading\">Autres causes possibles de douleurs lombaires<\/h3>\n\n\n\n<p>Il est important de savoir que les <strong>douleurs lombaires<\/strong> ont de multiples origines. <strong>Hernie discale<\/strong>, <strong>sciatique<\/strong>, <strong>lombalgie<\/strong>, <strong>scoliose<\/strong> ou simple <strong>contracture musculaire<\/strong> peuvent provoquer des douleurs similaires \u00e0 celles d\u2019une douleur facettaire. Une douleur irradiant le long de la jambe jusqu\u2019au pied \u00e9voque davantage une sciatique. Seul un examen m\u00e9dical approfondi d\u00e9terminera la cause exacte de vos douleurs.<\/p>\n\n\n\n<h3 class=\"wp-block-heading\">Quand et pourquoi consulter un professionnel&nbsp;?<\/h3>\n\n\n\n<p>Consultez un m\u00e9decin si vos douleurs lombaires persistent malgr\u00e9 le repos et les traitements conservateurs, ou si elles s\u2019accompagnent de <strong>fi\u00e8vre<\/strong>, de <strong>perte de poids inexpliqu\u00e9e<\/strong>, de <strong>faiblesse musculaire<\/strong> ou de <strong>troubles neurologiques<\/strong>. Des <strong>engourdissements<\/strong> ou des <strong>fourmillements<\/strong> dans les jambes peuvent indiquer une <strong>compression nerveuse<\/strong> n\u00e9cessitant une intervention m\u00e9dicale. Une prise en charge pr\u00e9coce est importante pour \u00e9viter la chronicisation.<\/p>\n\n\n\n<blockquote class=\"wp-block-quote is-layout-flow wp-block-quote-is-layout-flow\">\n<p>Notez les facteurs d\u00e9clenchant ou aggravant vos douleurs, ainsi que ceux qui les soulagent. Ces informations aideront votre m\u00e9decin.<\/p>\n<\/blockquote>\n\n\n\n<h2 class=\"wp-block-heading\">Soulager les douleurs facettaires sans op\u00e9ration<\/h2>\n\n\n\n<p>Cherchez-vous des solutions pour soulager vos <strong>douleurs facettaires lombaires<\/strong> sans chirurgie&nbsp;? Plusieurs options s\u2019offrent \u00e0 vous&nbsp;: m\u00e9dicaments, th\u00e9rapies manuelles, exercices et conseils posturaux.<\/p>\n\n\n\n<h3 class=\"wp-block-heading\">M\u00e9dicaments&nbsp;: quels traitements m\u00e9dicamenteux&nbsp;?<\/h3>\n\n\n\n<p>Les m\u00e9dicaments peuvent soulager la <strong>douleur<\/strong> et l\u2019<strong>inflammation<\/strong>. Votre m\u00e9decin pourra vous prescrire des <strong>antalgiques<\/strong>, des <strong>anti-inflammatoires non st\u00e9ro\u00efdiens (AINS)<\/strong> comme l\u2019ibuprof\u00e8ne ou le naprox\u00e8ne, ou des <strong>myorelaxants<\/strong>. Dans certains cas, des m\u00e9dicaments plus puissants, comme les <strong>opio\u00efdes<\/strong>, peuvent \u00eatre envisag\u00e9s pour une courte dur\u00e9e. Respectez toujours la prescription m\u00e9dicale.<\/p>\n\n\n\n<h3 class=\"wp-block-heading\">Th\u00e9rapies manuelles&nbsp;: ost\u00e9opathie et kin\u00e9sith\u00e9rapie<\/h3>\n\n\n\n<p>L\u2019<strong>ost\u00e9opathie<\/strong> et la <strong>kin\u00e9sith\u00e9rapie<\/strong> sont des approches compl\u00e9mentaires. L\u2019ost\u00e9opathe restaure la <strong>mobilit\u00e9 des articulations<\/strong> et r\u00e9duit les <strong>tensions musculaires<\/strong>. Le kin\u00e9sith\u00e9rapeute propose des exercices de <strong>renforcement musculaire<\/strong>, des <strong>\u00e9tirements<\/strong> pour am\u00e9liorer votre <strong>posture<\/strong> et <strong>stabiliser votre colonne vert\u00e9brale<\/strong>. Des s\u00e9ances r\u00e9guli\u00e8res, combin\u00e9es \u00e0 des exercices \u00e0 domicile, peuvent s\u2019av\u00e9rer tr\u00e8s efficaces.<\/p>\n\n\n\n<h3 class=\"wp-block-heading\">Exercices et \u00e9tirements pour un soulagement cibl\u00e9<\/h3>\n\n\n\n<p>Certains <strong>exercices<\/strong> et <strong>\u00e9tirements<\/strong> peuvent soulager les <strong>douleurs facettaires<\/strong>. Le <strong>renforcement musculaire<\/strong> du dos et des abdominaux stabilise la colonne vert\u00e9brale. Les <strong>\u00e9tirements doux<\/strong> am\u00e9liorent la <strong>flexibilit\u00e9<\/strong> et r\u00e9duisent les tensions musculaires. La <strong>posture du chat<\/strong>, en yoga, mobilise et \u00e9tire la colonne vert\u00e9brale. Demandez conseil \u00e0 un professionnel pour un programme adapt\u00e9.<\/p>\n\n\n\n<h3 class=\"wp-block-heading\">Conseils posturaux pour le quotidien<\/h3>\n\n\n\n<p>Une <strong>bonne posture<\/strong> au quotidien est essentielle. <strong>Asseyez-vous le dos droit<\/strong>, les <strong>\u00e9paules rel\u00e2ch\u00e9es<\/strong>. En soulevant des charges, pliez les genoux, dos droit. Choisissez un <strong>matelas ferme<\/strong>. Au travail, <strong>r\u00e9glez la hauteur de votre chaise et de votre \u00e9cran<\/strong>. Maintenez vos pieds \u00e0 plat sur le sol et vos coudes \u00e0 un angle droit. Des pauses r\u00e9guli\u00e8res pour se lever et marcher sont importantes.<\/p>\n\n\n\n<blockquote class=\"wp-block-quote is-layout-flow wp-block-quote-is-layout-flow\">\n<p>Investir dans une chaise ergonomique et un support lombaire peut grandement am\u00e9liorer votre posture et r\u00e9duire vos douleurs.<\/p>\n<\/blockquote>\n\n\n\n<h3 class=\"wp-block-heading\">Infiltrations&nbsp;: quand faut-il envisager cette option&nbsp;?<\/h3>\n\n\n\n<p>Les <strong>infiltrations<\/strong> sont une option lorsque les autres traitements sont inefficaces. Un <strong>cortico\u00efde<\/strong> est inject\u00e9 au niveau des facettes articulaires pour r\u00e9duire l\u2019<strong>inflammation<\/strong> et la douleur. Discutez des b\u00e9n\u00e9fices et des risques avec votre m\u00e9decin.<\/p>\n\n\n\n<h2 class=\"wp-block-heading\">Pr\u00e9venir les douleurs facettaires au quotidien<\/h2>\n\n\n\n<p>Vous souhaitez \u00e9viter les <strong>douleurs facettaires lombaires<\/strong>&nbsp;? Adopter de bonnes habitudes au quotidien peut faire la diff\u00e9rence. <strong>Posture<\/strong>, <strong>exercices<\/strong> et <strong>mode de vie<\/strong>&nbsp;: voici les cl\u00e9s.<\/p>\n\n\n\n<h3 class=\"wp-block-heading\">Adopter une bonne posture&nbsp;: conseils pratiques<\/h3>\n\n\n\n<p>Une <strong>posture correcte<\/strong> est essentielle pour prot\u00e9ger vos <strong>facettes articulaires<\/strong>. Au travail, <strong>chaise bien r\u00e9gl\u00e9e<\/strong>, <strong>pauses r\u00e9guli\u00e8res<\/strong> pour se lever et s\u2019\u00e9tirer. En voiture, <strong>si\u00e8ge avec soutien lombaire<\/strong>. M\u00eame sur le canap\u00e9, privil\u00e9giez une <strong>posture respectant l\u2019alignement de votre colonne vert\u00e9brale<\/strong>. Un coussin dans le dos peut maintenir une bonne courbure lombaire.<\/p>\n\n\n\n<h3 class=\"wp-block-heading\">Renforcer ses muscles lombaires&nbsp;: exercices simples<\/h3>\n\n\n\n<p>Des <strong>muscles lombaires forts<\/strong> r\u00e9duisent la pression sur les <strong>facettes articulaires<\/strong>. Int\u00e9grez des exercices comme la <strong>planche<\/strong>, les <strong>gainages lat\u00e9raux<\/strong> et le <strong>relev\u00e9 de bassin<\/strong>. Commencez progressivement et augmentez la dur\u00e9e et les r\u00e9p\u00e9titions. <strong>Respirez bien<\/strong> et respectez vos limites. La <strong>natation<\/strong> est \u00e9galement un excellent exercice pour renforcer le dos.<\/p>\n\n\n\n<blockquote class=\"wp-block-quote is-layout-flow wp-block-quote-is-layout-flow\">\n<p>Prenez l&rsquo;habitude de vous \u00e9tirer r\u00e9guli\u00e8rement, matin et soir. Quelques minutes d&rsquo;\u00e9tirements doux peuvent faire une grande diff\u00e9rence pour la souplesse et la mobilit\u00e9 de votre dos.<\/p>\n<\/blockquote>\n\n\n\n<h3 class=\"wp-block-heading\">Mode de vie&nbsp;: les cl\u00e9s pour pr\u00e9venir les douleurs<\/h3>\n\n\n\n<p>Maintenez un <strong>poids sant\u00e9<\/strong>. Privil\u00e9giez une <strong>alimentation \u00e9quilibr\u00e9e<\/strong>, riche en <strong>calcium<\/strong>, <strong>vitamine D<\/strong> et <strong>om\u00e9ga-3<\/strong>. <strong>Hydratez-vous<\/strong> r\u00e9guli\u00e8rement. G\u00e9rez votre <strong>stress<\/strong>, car il peut aggraver les <strong>tensions musculaires<\/strong>. Des activit\u00e9s comme le <strong>yoga<\/strong> ou la <strong>m\u00e9ditation<\/strong> favorisent le bien-\u00eatre global.<\/p>\n\n\n\n<blockquote class=\"wp-block-quote is-layout-flow wp-block-quote-is-layout-flow\">\n<p>Variez vos postures dans la journ\u00e9e. Alternez les positions assise, debout et en mouvement. Pensez \u00e0 int\u00e9grer des s\u00e9ances de marche r\u00e9guli\u00e8res \u00e0 votre routine.<\/p>\n<\/blockquote>\n\n\n\n<h2 class=\"wp-block-heading\">FAQ<\/h2>\n\n\n\n<div class=\"faq-container\">\n<div class=\"faq-item\">\n<div class=\"faq-question\">Comment savoir si ma douleur lombaire provient des facettes articulaires ?<\/div>\n<div class=\"faq-answer\">\n<p>Une douleur facettaire lombaire se manifeste souvent par une douleur localis\u00e9e dans le bas du dos, aggrav\u00e9e par l&rsquo;extension ou la rotation du tronc. Elle peut irradier vers les fesses ou les cuisses, mais rarement en dessous du genou. Contrairement \u00e0 une sciatique, la douleur facettaire n&rsquo;est g\u00e9n\u00e9ralement pas accompagn\u00e9e de fourmillements ou d&rsquo;engourdissements. N&rsquo;h\u00e9sitez pas \u00e0 consulter un professionnel de sant\u00e9 pour un diagnostic pr\u00e9cis et un traitement adapt\u00e9 \u00e0 vos besoins.<\/p>\n<\/div>\n<\/div>\n<div class=\"faq-item\">\n<div class=\"faq-question\">Quels exercices puis-je faire \u00e0 la maison pour soulager une douleur facettaire lombaire ?<\/div>\n<div class=\"faq-answer\">\n<p>Certains exercices doux peuvent soulager les douleurs des facettes articulaires lombaires. La marche, le v\u00e9lo et la natation sont d&rsquo;excellents exemples. Des \u00e9tirements cibl\u00e9s, comme le bascule du bassin, peuvent \u00e9galement \u00eatre b\u00e9n\u00e9fiques. Cependant, il est crucial d&rsquo;adapter les exercices \u00e0 votre condition et de consulter un kin\u00e9sith\u00e9rapeute pour un programme personnalis\u00e9 et encadr\u00e9. N&rsquo;oubliez pas qu&rsquo;une mauvaise ex\u00e9cution peut aggraver la douleur.<\/p>\n<\/div>\n<\/div>\n<div class=\"faq-item\">\n<div class=\"faq-question\">L\u2019ost\u00e9opathie est-elle efficace pour traiter les douleurs facettaires lombaires ?<\/div>\n<div class=\"faq-answer\">\n<p>L&rsquo;ost\u00e9opathie peut s&rsquo;av\u00e9rer utile pour soulager les douleurs facettaires lombaires. L&rsquo;ost\u00e9opathe utilise des techniques manuelles pour restaurer la mobilit\u00e9 des articulations et d\u00e9tendre les muscles. Cependant, l&rsquo;efficacit\u00e9 varie d&rsquo;une personne \u00e0 l&rsquo;autre. Il est important de choisir un ost\u00e9opathe qualifi\u00e9 et de discuter avec lui de vos attentes et des r\u00e9sultats escompt\u00e9s.<\/p>\n<\/div>\n<\/div>\n<div class=\"faq-item\">\n<div class=\"faq-question\">Combien de temps faut-il pour soulager une douleur facettaire lombaire ?<\/div>\n<div class=\"faq-answer\">\n<p>La dur\u00e9e du soulagement d&rsquo;une douleur facettaire lombaire varie en fonction de la cause, de la s\u00e9v\u00e9rit\u00e9 et du traitement mis en place. Avec une prise en charge adapt\u00e9e, une am\u00e9lioration peut \u00eatre observ\u00e9e en quelques jours ou quelques semaines. Dans certains cas, le traitement peut s&rsquo;\u00e9taler sur plusieurs mois. La patience et la pers\u00e9v\u00e9rance sont essentielles.<\/p>\n<\/div>\n<\/div>\n<div class=\"faq-item\">\n<div class=\"faq-question\">Peut-on pr\u00e9venir les douleurs facettaires lombaires ?<\/div>\n<div class=\"faq-answer\">\n<p>Oui, il est possible de pr\u00e9venir les douleurs facettaires lombaires en adoptant une bonne posture, en renfor\u00e7ant ses muscles lombaires et en maintenant un poids sant\u00e9. Pratiquer une activit\u00e9 physique r\u00e9guli\u00e8re, comme la marche ou la natation, est \u00e9galement recommand\u00e9. Des pauses r\u00e9guli\u00e8res au travail, surtout en position assise prolong\u00e9e, sont essentielles pour pr\u00e9server la sant\u00e9 de votre dos.<\/p>\n<\/div>\n<\/div>\n<div class=\"faq-item\">\n<div class=\"faq-question\">Les infiltrations sont-elles douloureuses ?<\/div>\n<div class=\"faq-answer\">\n<p>Les infiltrations pour les douleurs facettaires lombaires sont g\u00e9n\u00e9ralement bien tol\u00e9r\u00e9es. Une l\u00e9g\u00e8re g\u00eane peut \u00eatre ressentie pendant l&rsquo;injection. L\u2019utilisation d\u2019une cr\u00e8me anesth\u00e9siante au pr\u00e9alable peut r\u00e9duire cette sensation. N&rsquo;h\u00e9sitez pas \u00e0 discuter avec votre m\u00e9decin des \u00e9ventuels effets secondaires et des b\u00e9n\u00e9fices attendus.<\/p>\n<\/div>\n<\/div>\n<div class=\"faq-item\">\n<div class=\"faq-question\">Quels sont les risques de ne pas traiter une douleur facettaire lombaire ?<\/div>\n<div class=\"faq-answer\">\n<p>Ne pas traiter une douleur facettaire lombaire peut entra\u00eener une chronicisation de la douleur et une limitation des mouvements. Cela peut impacter votre qualit\u00e9 de vie et vos activit\u00e9s quotidiennes. Un diagnostic et une prise en charge pr\u00e9coces sont importants pour \u00e9viter ces complications.<\/p>\n<\/div>\n<\/div>\n<div class=\"faq-item\">\n<div class=\"faq-question\">Quand faut-il consulter un m\u00e9decin pour une douleur dans le bas du dos ?<\/div>\n<div class=\"faq-answer\">\n<p>Consultez un m\u00e9decin si votre douleur lombaire est intense, persistante, s&rsquo;aggrave ou est accompagn\u00e9e d&rsquo;autres sympt\u00f4mes comme de la fi\u00e8vre, une perte de poids inexpliqu\u00e9e, ou des troubles neurologiques. Un avis m\u00e9dical est \u00e9galement recommand\u00e9 si la douleur vous emp\u00eache de r\u00e9aliser vos activit\u00e9s quotidiennes.<\/p>\n<\/div>\n<\/div>\n<div class=\"faq-item\">\n<div class=\"faq-question\">Existe-t-il des traitements naturels pour les douleurs facettaires lombaires?<\/div>\n<div class=\"faq-answer\">\n<p>Outre les traitements m\u00e9dicaux classiques, certaines approches naturelles peuvent compl\u00e9ter la prise en charge des douleurs facettaires lombaires. La chaleur, par exemple avec des bouillottes, peut soulager les spasmes musculaires. Certaines plantes, comme le curcuma, poss\u00e8dent des propri\u00e9t\u00e9s anti-inflammatoires. Parlez-en \u00e0 votre m\u00e9decin pour un avis personnalis\u00e9.<\/p>\n<\/div>\n<\/div>\n<div class=\"faq-item\">\n<div class=\"faq-question\">Comment choisir le bon sp\u00e9cialiste pour mes douleurs facettaires lombaires ?<\/div>\n<div class=\"faq-answer\">\n<p>Pour choisir le bon sp\u00e9cialiste, renseignez-vous aupr\u00e8s de votre m\u00e9decin traitant ou consultez les annuaires professionnels. Les avis d&rsquo;autres patients peuvent \u00e9galement vous orienter. N\u2019h\u00e9sitez pas \u00e0 prendre un premier rendez-vous pour discuter de votre situation et vous assurer que le praticien correspond \u00e0 vos besoins.<\/p>\n<\/div>\n<\/div>\n<\/div>\n","protected":false},"excerpt":{"rendered":"<p>Vos douleurs lombaires vous empoisonnent la vie&nbsp;? Les facettes articulaires lombaires pourraient \u00eatre en cause. Dans cet article, vous d\u00e9couvrirez des informations claires et fiables pour mieux comprendre ces douleurs et les soulager sans op\u00e9ration. Nous explorerons ensemble l\u2019anatomie de ces articulations, les causes de leur inflammation, et surtout, les solutions concr\u00e8tes pour retrouver votre [&hellip;]<\/p>\n","protected":false},"author":1,"featured_media":2645,"comment_status":"open","ping_status":"open","sticky":false,"template":"","format":"standard","meta":{"_et_pb_use_builder":"off","_et_pb_old_content":"","_et_gb_content_width":"","footnotes":""},"categories":[25,20],"tags":[],"class_list":["post-2641","post","type-post","status-publish","format-standard","has-post-thumbnail","hentry","category-blog","category-sante"],"yoast_head":"<!-- This site is optimized with the Yoast SEO plugin v27.1.1 - https:\/\/yoast.com\/product\/yoast-seo-wordpress\/ -->\n<title>Soulager Douleurs Facettaires Lombaires Sans Op\u00e9ration \u2705 [month_year]<\/title>\n<meta name=\"description\" content=\"Douleurs lombaires ? D\u00e9couvrez comment soulager vos facettes articulaires sans chirurgie gr\u00e2ce \u00e0 des solutions naturelles, des exercices cibl\u00e9s et des conseils posturaux. Am\u00e9liorez votre quotidien d\u00e8s aujourd&#039;hui.&quot;\" \/>\n<meta name=\"robots\" content=\"index, follow, max-snippet:-1, max-image-preview:large, max-video-preview:-1\" \/>\n<link rel=\"canonical\" href=\"https:\/\/ergodays.com\/fr\/soulager-douleurs-facetaires-lombaires\/\" \/>\n<meta property=\"og:locale\" content=\"fr_FR\" \/>\n<meta property=\"og:type\" content=\"article\" \/>\n<meta property=\"og:title\" content=\"Soulager Douleurs Facettaires Lombaires Sans Op\u00e9ration \u2705 [month_year]\" \/>\n<meta property=\"og:description\" content=\"Douleurs lombaires ? D\u00e9couvrez comment soulager vos facettes articulaires sans chirurgie gr\u00e2ce \u00e0 des solutions naturelles, des exercices cibl\u00e9s et des conseils posturaux. Am\u00e9liorez votre quotidien d\u00e8s aujourd&#039;hui.&quot;\" \/>\n<meta property=\"og:url\" content=\"https:\/\/ergodays.com\/fr\/soulager-douleurs-facetaires-lombaires\/\" \/>\n<meta property=\"og:site_name\" content=\"Ergodays\" \/>\n<meta property=\"article:published_time\" content=\"2025-07-28T07:40:26+00:00\" \/>\n<meta property=\"og:image\" content=\"https:\/\/ergodays.com\/fr\/wp-content\/uploads\/2025\/07\/femme-teletravail-cuisine-douleur-bas-du-dos.webp\" \/>\n\t<meta property=\"og:image:width\" content=\"1920\" \/>\n\t<meta property=\"og:image:height\" content=\"1080\" \/>\n\t<meta property=\"og:image:type\" content=\"image\/webp\" \/>\n<meta name=\"author\" content=\"Nicolas\" \/>\n<meta name=\"twitter:card\" content=\"summary_large_image\" \/>\n<script type=\"application\/ld+json\" class=\"yoast-schema-graph\">{\"@context\":\"https:\/\/schema.org\",\"@graph\":[{\"@type\":\"Article\",\"@id\":\"https:\/\/ergodays.com\/fr\/soulager-douleurs-facetaires-lombaires\/#article\",\"isPartOf\":{\"@id\":\"https:\/\/ergodays.com\/fr\/soulager-douleurs-facetaires-lombaires\/\"},\"author\":{\"name\":\"Nicolas\",\"@id\":\"https:\/\/ergodays.com\/fr\/#\/schema\/person\/e91f77b48593c8febd62a82c4f01bfca\"},\"headline\":\"Douleurs facettaires lombaires : soulager sans chirurgie\",\"datePublished\":\"2025-07-28T07:40:26+00:00\",\"mainEntityOfPage\":{\"@id\":\"https:\/\/ergodays.com\/fr\/soulager-douleurs-facetaires-lombaires\/\"},\"wordCount\":2320,\"commentCount\":0,\"publisher\":{\"@id\":\"https:\/\/ergodays.com\/fr\/#organization\"},\"image\":{\"@id\":\"https:\/\/ergodays.com\/fr\/soulager-douleurs-facetaires-lombaires\/#primaryimage\"},\"thumbnailUrl\":\"https:\/\/ergodays.com\/fr\/wp-content\/uploads\/2025\/07\/femme-teletravail-cuisine-douleur-bas-du-dos.webp\",\"articleSection\":[\"Blog\",\"Sant\u00e9\"],\"inLanguage\":\"fr-FR\",\"potentialAction\":[{\"@type\":\"CommentAction\",\"name\":\"Comment\",\"target\":[\"https:\/\/ergodays.com\/fr\/soulager-douleurs-facetaires-lombaires\/#respond\"]}]},{\"@type\":\"WebPage\",\"@id\":\"https:\/\/ergodays.com\/fr\/soulager-douleurs-facetaires-lombaires\/\",\"url\":\"https:\/\/ergodays.com\/fr\/soulager-douleurs-facetaires-lombaires\/\",\"name\":\"Soulager Douleurs Facettaires Lombaires Sans Op\u00e9ration \u2705 [month_year]\",\"isPartOf\":{\"@id\":\"https:\/\/ergodays.com\/fr\/#website\"},\"primaryImageOfPage\":{\"@id\":\"https:\/\/ergodays.com\/fr\/soulager-douleurs-facetaires-lombaires\/#primaryimage\"},\"image\":{\"@id\":\"https:\/\/ergodays.com\/fr\/soulager-douleurs-facetaires-lombaires\/#primaryimage\"},\"thumbnailUrl\":\"https:\/\/ergodays.com\/fr\/wp-content\/uploads\/2025\/07\/femme-teletravail-cuisine-douleur-bas-du-dos.webp\",\"datePublished\":\"2025-07-28T07:40:26+00:00\",\"description\":\"Douleurs lombaires ? D\u00e9couvrez comment soulager vos facettes articulaires sans chirurgie gr\u00e2ce \u00e0 des solutions naturelles, des exercices cibl\u00e9s et des conseils posturaux. Am\u00e9liorez votre quotidien d\u00e8s aujourd'hui.\\\"\",\"breadcrumb\":{\"@id\":\"https:\/\/ergodays.com\/fr\/soulager-douleurs-facetaires-lombaires\/#breadcrumb\"},\"inLanguage\":\"fr-FR\",\"potentialAction\":[{\"@type\":\"ReadAction\",\"target\":[\"https:\/\/ergodays.com\/fr\/soulager-douleurs-facetaires-lombaires\/\"]}]},{\"@type\":\"ImageObject\",\"inLanguage\":\"fr-FR\",\"@id\":\"https:\/\/ergodays.com\/fr\/soulager-douleurs-facetaires-lombaires\/#primaryimage\",\"url\":\"https:\/\/ergodays.com\/fr\/wp-content\/uploads\/2025\/07\/femme-teletravail-cuisine-douleur-bas-du-dos.webp\",\"contentUrl\":\"https:\/\/ergodays.com\/fr\/wp-content\/uploads\/2025\/07\/femme-teletravail-cuisine-douleur-bas-du-dos.webp\",\"width\":1920,\"height\":1080},{\"@type\":\"BreadcrumbList\",\"@id\":\"https:\/\/ergodays.com\/fr\/soulager-douleurs-facetaires-lombaires\/#breadcrumb\",\"itemListElement\":[{\"@type\":\"ListItem\",\"position\":1,\"name\":\"Accueil\",\"item\":\"https:\/\/ergodays.com\/fr\/\"},{\"@type\":\"ListItem\",\"position\":2,\"name\":\"Douleurs facettaires lombaires : soulager sans chirurgie\"}]},{\"@type\":\"WebSite\",\"@id\":\"https:\/\/ergodays.com\/fr\/#website\",\"url\":\"https:\/\/ergodays.com\/fr\/\",\"name\":\"Ergodays\",\"description\":\"Faire entrer l&#039;ergonomie dans notre quotidien\",\"publisher\":{\"@id\":\"https:\/\/ergodays.com\/fr\/#organization\"},\"potentialAction\":[{\"@type\":\"SearchAction\",\"target\":{\"@type\":\"EntryPoint\",\"urlTemplate\":\"https:\/\/ergodays.com\/fr\/?s={search_term_string}\"},\"query-input\":{\"@type\":\"PropertyValueSpecification\",\"valueRequired\":true,\"valueName\":\"search_term_string\"}}],\"inLanguage\":\"fr-FR\"},{\"@type\":\"Organization\",\"@id\":\"https:\/\/ergodays.com\/fr\/#organization\",\"name\":\"Ergodays\",\"url\":\"https:\/\/ergodays.com\/fr\/\",\"logo\":{\"@type\":\"ImageObject\",\"inLanguage\":\"fr-FR\",\"@id\":\"https:\/\/ergodays.com\/fr\/#\/schema\/logo\/image\/\",\"url\":\"https:\/\/ergodays.com\/fr\/wp-content\/uploads\/2021\/10\/logo-carre-ergodays-500-zoom.png\",\"contentUrl\":\"https:\/\/ergodays.com\/fr\/wp-content\/uploads\/2021\/10\/logo-carre-ergodays-500-zoom.png\",\"width\":500,\"height\":500,\"caption\":\"Ergodays\"},\"image\":{\"@id\":\"https:\/\/ergodays.com\/fr\/#\/schema\/logo\/image\/\"}},{\"@type\":\"Person\",\"@id\":\"https:\/\/ergodays.com\/fr\/#\/schema\/person\/e91f77b48593c8febd62a82c4f01bfca\",\"name\":\"Nicolas\",\"image\":{\"@type\":\"ImageObject\",\"inLanguage\":\"fr-FR\",\"@id\":\"https:\/\/ergodays.com\/fr\/#\/schema\/person\/image\/\",\"url\":\"https:\/\/secure.gravatar.com\/avatar\/e5eb09d2e7bf89825ebdfe37decdcaf89b3396fbffa5c066918e0b78b80ae1b2?s=96&d=mm&r=g\",\"contentUrl\":\"https:\/\/secure.gravatar.com\/avatar\/e5eb09d2e7bf89825ebdfe37decdcaf89b3396fbffa5c066918e0b78b80ae1b2?s=96&d=mm&r=g\",\"caption\":\"Nicolas\"},\"sameAs\":[\"http:\/\/ergodays.com\/fr\"]}]}<\/script>\n<!-- \/ Yoast SEO plugin. -->","yoast_head_json":{"title":"Soulager Douleurs Facettaires Lombaires Sans Op\u00e9ration \u2705 [month_year]","description":"Douleurs lombaires ? D\u00e9couvrez comment soulager vos facettes articulaires sans chirurgie gr\u00e2ce \u00e0 des solutions naturelles, des exercices cibl\u00e9s et des conseils posturaux. Am\u00e9liorez votre quotidien d\u00e8s aujourd'hui.\"","robots":{"index":"index","follow":"follow","max-snippet":"max-snippet:-1","max-image-preview":"max-image-preview:large","max-video-preview":"max-video-preview:-1"},"canonical":"https:\/\/ergodays.com\/fr\/soulager-douleurs-facetaires-lombaires\/","og_locale":"fr_FR","og_type":"article","og_title":"Soulager Douleurs Facettaires Lombaires Sans Op\u00e9ration \u2705 [month_year]","og_description":"Douleurs lombaires ? D\u00e9couvrez comment soulager vos facettes articulaires sans chirurgie gr\u00e2ce \u00e0 des solutions naturelles, des exercices cibl\u00e9s et des conseils posturaux. Am\u00e9liorez votre quotidien d\u00e8s aujourd'hui.\"","og_url":"https:\/\/ergodays.com\/fr\/soulager-douleurs-facetaires-lombaires\/","og_site_name":"Ergodays","article_published_time":"2025-07-28T07:40:26+00:00","og_image":[{"width":1920,"height":1080,"url":"https:\/\/ergodays.com\/fr\/wp-content\/uploads\/2025\/07\/femme-teletravail-cuisine-douleur-bas-du-dos.webp","type":"image\/webp"}],"author":"Nicolas","twitter_card":"summary_large_image","schema":{"@context":"https:\/\/schema.org","@graph":[{"@type":"Article","@id":"https:\/\/ergodays.com\/fr\/soulager-douleurs-facetaires-lombaires\/#article","isPartOf":{"@id":"https:\/\/ergodays.com\/fr\/soulager-douleurs-facetaires-lombaires\/"},"author":{"name":"Nicolas","@id":"https:\/\/ergodays.com\/fr\/#\/schema\/person\/e91f77b48593c8febd62a82c4f01bfca"},"headline":"Douleurs facettaires lombaires : soulager sans chirurgie","datePublished":"2025-07-28T07:40:26+00:00","mainEntityOfPage":{"@id":"https:\/\/ergodays.com\/fr\/soulager-douleurs-facetaires-lombaires\/"},"wordCount":2320,"commentCount":0,"publisher":{"@id":"https:\/\/ergodays.com\/fr\/#organization"},"image":{"@id":"https:\/\/ergodays.com\/fr\/soulager-douleurs-facetaires-lombaires\/#primaryimage"},"thumbnailUrl":"https:\/\/ergodays.com\/fr\/wp-content\/uploads\/2025\/07\/femme-teletravail-cuisine-douleur-bas-du-dos.webp","articleSection":["Blog","Sant\u00e9"],"inLanguage":"fr-FR","potentialAction":[{"@type":"CommentAction","name":"Comment","target":["https:\/\/ergodays.com\/fr\/soulager-douleurs-facetaires-lombaires\/#respond"]}]},{"@type":"WebPage","@id":"https:\/\/ergodays.com\/fr\/soulager-douleurs-facetaires-lombaires\/","url":"https:\/\/ergodays.com\/fr\/soulager-douleurs-facetaires-lombaires\/","name":"Soulager Douleurs Facettaires Lombaires Sans Op\u00e9ration \u2705 [month_year]","isPartOf":{"@id":"https:\/\/ergodays.com\/fr\/#website"},"primaryImageOfPage":{"@id":"https:\/\/ergodays.com\/fr\/soulager-douleurs-facetaires-lombaires\/#primaryimage"},"image":{"@id":"https:\/\/ergodays.com\/fr\/soulager-douleurs-facetaires-lombaires\/#primaryimage"},"thumbnailUrl":"https:\/\/ergodays.com\/fr\/wp-content\/uploads\/2025\/07\/femme-teletravail-cuisine-douleur-bas-du-dos.webp","datePublished":"2025-07-28T07:40:26+00:00","description":"Douleurs lombaires ? D\u00e9couvrez comment soulager vos facettes articulaires sans chirurgie gr\u00e2ce \u00e0 des solutions naturelles, des exercices cibl\u00e9s et des conseils posturaux. Am\u00e9liorez votre quotidien d\u00e8s aujourd'hui.\"","breadcrumb":{"@id":"https:\/\/ergodays.com\/fr\/soulager-douleurs-facetaires-lombaires\/#breadcrumb"},"inLanguage":"fr-FR","potentialAction":[{"@type":"ReadAction","target":["https:\/\/ergodays.com\/fr\/soulager-douleurs-facetaires-lombaires\/"]}]},{"@type":"ImageObject","inLanguage":"fr-FR","@id":"https:\/\/ergodays.com\/fr\/soulager-douleurs-facetaires-lombaires\/#primaryimage","url":"https:\/\/ergodays.com\/fr\/wp-content\/uploads\/2025\/07\/femme-teletravail-cuisine-douleur-bas-du-dos.webp","contentUrl":"https:\/\/ergodays.com\/fr\/wp-content\/uploads\/2025\/07\/femme-teletravail-cuisine-douleur-bas-du-dos.webp","width":1920,"height":1080},{"@type":"BreadcrumbList","@id":"https:\/\/ergodays.com\/fr\/soulager-douleurs-facetaires-lombaires\/#breadcrumb","itemListElement":[{"@type":"ListItem","position":1,"name":"Accueil","item":"https:\/\/ergodays.com\/fr\/"},{"@type":"ListItem","position":2,"name":"Douleurs facettaires lombaires : soulager sans chirurgie"}]},{"@type":"WebSite","@id":"https:\/\/ergodays.com\/fr\/#website","url":"https:\/\/ergodays.com\/fr\/","name":"Ergodays","description":"Faire entrer l&#039;ergonomie dans notre quotidien","publisher":{"@id":"https:\/\/ergodays.com\/fr\/#organization"},"potentialAction":[{"@type":"SearchAction","target":{"@type":"EntryPoint","urlTemplate":"https:\/\/ergodays.com\/fr\/?s={search_term_string}"},"query-input":{"@type":"PropertyValueSpecification","valueRequired":true,"valueName":"search_term_string"}}],"inLanguage":"fr-FR"},{"@type":"Organization","@id":"https:\/\/ergodays.com\/fr\/#organization","name":"Ergodays","url":"https:\/\/ergodays.com\/fr\/","logo":{"@type":"ImageObject","inLanguage":"fr-FR","@id":"https:\/\/ergodays.com\/fr\/#\/schema\/logo\/image\/","url":"https:\/\/ergodays.com\/fr\/wp-content\/uploads\/2021\/10\/logo-carre-ergodays-500-zoom.png","contentUrl":"https:\/\/ergodays.com\/fr\/wp-content\/uploads\/2021\/10\/logo-carre-ergodays-500-zoom.png","width":500,"height":500,"caption":"Ergodays"},"image":{"@id":"https:\/\/ergodays.com\/fr\/#\/schema\/logo\/image\/"}},{"@type":"Person","@id":"https:\/\/ergodays.com\/fr\/#\/schema\/person\/e91f77b48593c8febd62a82c4f01bfca","name":"Nicolas","image":{"@type":"ImageObject","inLanguage":"fr-FR","@id":"https:\/\/ergodays.com\/fr\/#\/schema\/person\/image\/","url":"https:\/\/secure.gravatar.com\/avatar\/e5eb09d2e7bf89825ebdfe37decdcaf89b3396fbffa5c066918e0b78b80ae1b2?s=96&d=mm&r=g","contentUrl":"https:\/\/secure.gravatar.com\/avatar\/e5eb09d2e7bf89825ebdfe37decdcaf89b3396fbffa5c066918e0b78b80ae1b2?s=96&d=mm&r=g","caption":"Nicolas"},"sameAs":["http:\/\/ergodays.com\/fr"]}]}},"_links":{"self":[{"href":"https:\/\/ergodays.com\/fr\/wp-json\/wp\/v2\/posts\/2641","targetHints":{"allow":["GET"]}}],"collection":[{"href":"https:\/\/ergodays.com\/fr\/wp-json\/wp\/v2\/posts"}],"about":[{"href":"https:\/\/ergodays.com\/fr\/wp-json\/wp\/v2\/types\/post"}],"author":[{"embeddable":true,"href":"https:\/\/ergodays.com\/fr\/wp-json\/wp\/v2\/users\/1"}],"replies":[{"embeddable":true,"href":"https:\/\/ergodays.com\/fr\/wp-json\/wp\/v2\/comments?post=2641"}],"version-history":[{"count":1,"href":"https:\/\/ergodays.com\/fr\/wp-json\/wp\/v2\/posts\/2641\/revisions"}],"predecessor-version":[{"id":2642,"href":"https:\/\/ergodays.com\/fr\/wp-json\/wp\/v2\/posts\/2641\/revisions\/2642"}],"wp:featuredmedia":[{"embeddable":true,"href":"https:\/\/ergodays.com\/fr\/wp-json\/wp\/v2\/media\/2645"}],"wp:attachment":[{"href":"https:\/\/ergodays.com\/fr\/wp-json\/wp\/v2\/media?parent=2641"}],"wp:term":[{"taxonomy":"category","embeddable":true,"href":"https:\/\/ergodays.com\/fr\/wp-json\/wp\/v2\/categories?post=2641"},{"taxonomy":"post_tag","embeddable":true,"href":"https:\/\/ergodays.com\/fr\/wp-json\/wp\/v2\/tags?post=2641"}],"curies":[{"name":"wp","href":"https:\/\/api.w.org\/{rel}","templated":true}]}}