{"id":2819,"date":"2025-09-04T15:04:53","date_gmt":"2025-09-04T13:04:53","guid":{"rendered":"https:\/\/ergodays.com\/fr\/?p=2819"},"modified":"2025-08-16T15:05:04","modified_gmt":"2025-08-16T13:05:04","slug":"mutuelle-conge-maternite","status":"publish","type":"post","link":"https:\/\/ergodays.com\/fr\/mutuelle-conge-maternite\/","title":{"rendered":"Mutuelle et cong\u00e9 maternit\u00e9 : comment \u00e7a marche ?"},"content":{"rendered":"\n<p>Votre <strong>mutuelle sant\u00e9<\/strong> est-elle suspendue pendant votre <strong>cong\u00e9 maternit\u00e9<\/strong>&nbsp;? Cette question l\u00e9gitime concerne de nombreuses futures mamans. En France, plus de 750&nbsp;000 naissances sont enregistr\u00e9es chaque ann\u00e9e. Comprendre le fonctionnement de votre couverture sant\u00e9 durant cette p\u00e9riode est essentiel pour votre s\u00e9r\u00e9nit\u00e9 et celle de votre b\u00e9b\u00e9. Vous b\u00e9n\u00e9ficierez d\u2019une protection <strong>continue<\/strong> si vous respectez les conditions de votre contrat.<\/p>\n\n\n\n<p>Abordons sans plus attendre les points cl\u00e9s concernant votre mutuelle et votre cong\u00e9 maternit\u00e9.<\/p>\n\n\n\n<h2 class=\"wp-block-heading\">Votre mutuelle pendant votre cong\u00e9 maternit\u00e9 : est-elle suspendue&nbsp;?<\/h2>\n\n\n\n<p>Le cong\u00e9 maternit\u00e9 soul\u00e8ve des questions l\u00e9gitimes quant \u00e0 la continuit\u00e9 de votre couverture sant\u00e9. Conserver une protection optimale durant cette p\u00e9riode, incluant les phases pr\u00e9natale et postnatale, est primordial pour votre bien-\u00eatre et celui de votre enfant. Examinons les points cl\u00e9s concernant votre mutuelle pendant votre cong\u00e9 maternit\u00e9.<\/p>\n\n\n\n<h3 class=\"wp-block-heading\">Suspension de la mutuelle&nbsp;: les cas possibles<\/h3>\n\n\n\n<p>Votre mutuelle sant\u00e9 n\u2019est g\u00e9n\u00e9ralement pas suspendue automatiquement pendant votre cong\u00e9 maternit\u00e9. La continuit\u00e9 de votre couverture est essentielle pour faire face aux d\u00e9penses de sant\u00e9. Une suspension peut n\u00e9anmoins survenir dans des situations sp\u00e9cifiques&nbsp;:<\/p>\n\n\n\n<ul class=\"wp-block-list\">\n<li>Non-paiement des cotisations\u00a0: un retard ou un d\u00e9faut de paiement peut entra\u00eener la suspension, voire la r\u00e9siliation, de votre contrat.<\/li>\n\n\n\n<li>Changement de situation familiale impactant le contrat\u00a0: un divorce, un mariage ou un d\u00e9c\u00e8s peuvent modifier les conditions de votre couverture et n\u00e9cessiter une adaptation du contrat.<\/li>\n\n\n\n<li>D\u00e9claration frauduleuse\u00a0: une fausse d\u00e9claration lors de la souscription peut justifier une suspension.<\/li>\n\n\n\n<li>Suspension pour motif grave\u00a0: dans de rares cas, une suspension peut \u00eatre d\u00e9cid\u00e9e pour des motifs graves, tels que des actes m\u00e9dicaux frauduleux.<\/li>\n<\/ul>\n\n\n\n<h3 class=\"wp-block-heading\">Maintien des garanties et des cotisations<\/h3>\n\n\n\n<p>Pendant votre cong\u00e9 maternit\u00e9, vos garanties et vos cotisations sont maintenues. Vous continuez de b\u00e9n\u00e9ficier des m\u00eames remboursements pour vos d\u00e9penses de sant\u00e9, y compris celles li\u00e9es \u00e0 la maternit\u00e9. Consultez attentivement votre contrat pour conna\u00eetre les <strong>modalit\u00e9s<\/strong> de prise en charge des consultations, des \u00e9chographies et de l\u2019hospitalisation. Le <strong>montant<\/strong> de vos cotisations reste inchang\u00e9 et leur <strong>paiement<\/strong> doit \u00eatre effectu\u00e9 selon les termes de votre contrat. La <strong>p\u00e9riode<\/strong> du cong\u00e9 maternit\u00e9 n\u2019influence pas ces aspects.<\/p>\n\n\n\n<h3 class=\"wp-block-heading\">Que se passe-t-il pour les contrats collectifs et individuels&nbsp;?<\/h3>\n\n\n\n<div class=\"table-container\">\n<table>\n<thead>\n<tr>\n<th>Type de contrat<\/th>\n<th>Impact du cong\u00e9 maternit\u00e9<\/th>\n<\/tr>\n<\/thead>\n<tbody>\n<tr>\n<td><strong>Collectif (entreprise)<\/strong><\/td>\n<td>Maintien des garanties et des cotisations, g\u00e9n\u00e9ralement pr\u00e9lev\u00e9es sur votre salaire.<\/td>\n<\/tr>\n<tr>\n<td><strong>Individuel<\/strong><\/td>\n<td>Maintien des garanties et des cotisations, \u00e0 r\u00e9gler selon les modalit\u00e9s de votre contrat (pr\u00e9l\u00e8vement, virement, etc.).<\/td>\n<\/tr>\n<\/tbody>\n<\/table>\n<\/div>\n\n\n\n<p>En r\u00e9sum\u00e9, que votre contrat soit collectif ou individuel, votre cong\u00e9 maternit\u00e9 ne provoque pas de suspension automatique de votre mutuelle. N\u2019h\u00e9sitez pas \u00e0 contacter votre organisme assureur pour toute question relative \u00e0 votre situation.<\/p>\n\n\n\n<h2 class=\"wp-block-heading\">Cotisations de votre mutuelle pendant le cong\u00e9 maternit\u00e9<\/h2>\n\n\n\n<p>En France, pr\u00e8s de 800&nbsp;000 naissances ont lieu chaque ann\u00e9e. Comment maintenir votre couverture sant\u00e9 et g\u00e9rer vos cotisations durant votre cong\u00e9 maternit\u00e9&nbsp;?<\/p>\n\n\n\n<h3 class=\"wp-block-heading\">Comment payer vos cotisations pendant votre cong\u00e9&nbsp;?<\/h3>\n\n\n\n<p>Vos cotisations de mutuelle sont g\u00e9r\u00e9es diff\u00e9remment selon votre type de contrat. Avec un contrat <strong>collectif<\/strong> d\u2019entreprise, les cotisations sont g\u00e9n\u00e9ralement pr\u00e9lev\u00e9es directement sur votre salaire, m\u00eame pendant le cong\u00e9 maternit\u00e9. Ce syst\u00e8me garantit le <strong>maintien<\/strong> de votre couverture sant\u00e9. Pour un contrat <strong>individuel<\/strong>, vous r\u00e9glez vos cotisations selon les modalit\u00e9s habituelles&nbsp;: pr\u00e9l\u00e8vement, virement, etc. La <strong>r\u00e9gularit\u00e9<\/strong> de ces paiements est cruciale pour \u00e9viter toute <strong>interruption<\/strong> de vos garanties.<\/p>\n\n\n\n<h3 class=\"wp-block-heading\">Exon\u00e9ration, maintien ou r\u00e9duction des cotisations<\/h3>\n\n\n\n<p>Aucune exon\u00e9ration syst\u00e9matique des cotisations de mutuelle n\u2019est pr\u00e9vue pendant le cong\u00e9 maternit\u00e9. Le <strong>montant<\/strong> reste g\u00e9n\u00e9ralement <strong>inchang\u00e9<\/strong>. Certaines mutuelles proposent toutefois des dispositifs d\u2019accompagnement pour les jeunes parents. Par exemple, des r\u00e9ductions de cotisations peuvent \u00eatre appliqu\u00e9es pendant quelques mois apr\u00e8s la naissance pour les contrats familiaux. Des forfaits sp\u00e9cifiques pour les consultations p\u00e9diatriques ou les s\u00e9ances de kin\u00e9sith\u00e9rapie postnatale peuvent \u00e9galement \u00eatre propos\u00e9s. Renseignez-vous aupr\u00e8s de votre organisme pour conna\u00eetre les <strong>modalit\u00e9s<\/strong> de ces <strong>dispositifs<\/strong>.<\/p>\n\n\n\n<h3 class=\"wp-block-heading\">Simulations et exemples concrets<\/h3>\n\n\n\n<p>Le tableau ci-dessous illustre la gestion des cotisations selon votre situation et votre type de contrat&nbsp;:<\/p>\n\n\n\n<div class=\"table-container\">\n<table>\n<thead>\n<tr>\n<th>Situation<\/th>\n<th>Type de contrat<\/th>\n<th>Impact sur les cotisations<\/th>\n<\/tr>\n<\/thead>\n<tbody>\n<tr>\n<td>Salari\u00e9e en cong\u00e9 maternit\u00e9<\/td>\n<td>Collectif<\/td>\n<td>Pr\u00e9l\u00e8vement maintenu sur le salaire vers\u00e9 par l\u2019employeur ou la S\u00e9curit\u00e9 sociale.<\/td>\n<\/tr>\n<tr>\n<td>Salari\u00e9e en cong\u00e9 maternit\u00e9<\/td>\n<td>Individuel<\/td>\n<td>Paiement \u00e0 la charge de l\u2019assur\u00e9e, selon les modalit\u00e9s habituelles.<\/td>\n<\/tr>\n<tr>\n<td>Ind\u00e9pendante en cong\u00e9 maternit\u00e9<\/td>\n<td>Individuel<\/td>\n<td>Paiement \u00e0 la charge de l\u2019assur\u00e9e, selon les modalit\u00e9s habituelles.<\/td>\n<\/tr>\n<\/tbody>\n<\/table>\n<\/div>\n\n\n\n<p>En synth\u00e8se, le pr\u00e9l\u00e8vement des cotisations est maintenu pendant le cong\u00e9 maternit\u00e9, que votre contrat soit collectif ou individuel. N\u2019h\u00e9sitez pas \u00e0 contacter votre mutuelle pour toute question.<\/p>\n\n\n\n<h2 class=\"wp-block-heading\">Apr\u00e8s le cong\u00e9 maternit\u00e9 : quelles d\u00e9marches pour votre mutuelle ?<\/h2>\n\n\n\n<p>Le retour de cong\u00e9 maternit\u00e9 marque une transition importante, notamment pour votre couverture sant\u00e9. Quelles d\u00e9marches effectuer aupr\u00e8s de votre mutuelle pour garantir une protection optimale pour vous et votre enfant&nbsp;? Anticipation et organisation sont les cl\u00e9s d\u2019une reprise sereine.<\/p>\n\n\n\n<h3 class=\"wp-block-heading\">Reprise des cotisations et des garanties<\/h3>\n\n\n\n<p>Vos cotisations et garanties reprennent automatiquement \u00e0 la fin de votre cong\u00e9 maternit\u00e9, qui dure 16 semaines pour une naissance simple et 26 semaines pour des jumeaux. Pour un contrat <strong>collectif<\/strong>, les pr\u00e9l\u00e8vements sur salaire recommencent. En cas de contrat <strong>individuel<\/strong>, veillez \u00e0 la <strong>r\u00e9gularit\u00e9<\/strong> de vos <strong>paiements<\/strong> (pr\u00e9l\u00e8vement, virement) afin de <strong>maintenir<\/strong> votre <strong>couverture<\/strong> sans <strong>interruption<\/strong>.<\/p>\n\n\n\n<h3 class=\"wp-block-heading\">D\u00e9marches administratives post-cong\u00e9 maternit\u00e9<\/h3>\n\n\n\n<p>Apr\u00e8s votre cong\u00e9 maternit\u00e9, contactez votre mutuelle pour l\u2019informer de votre reprise d\u2019activit\u00e9 et confirmer la continuit\u00e9 de vos pr\u00e9l\u00e8vements. Un justificatif de fin de cong\u00e9 peut vous \u00eatre demand\u00e9. Cette d\u00e9marche simple s\u00e9curise votre couverture sant\u00e9.<\/p>\n\n\n\n<h3 class=\"wp-block-heading\">D\u00e9clarer la naissance \u00e0 votre mutuelle<\/h3>\n\n\n\n<div class=\"table-container\">\n<table>\n<thead>\n<tr>\n<th>\u00c9tape<\/th>\n<th>Action<\/th>\n<\/tr>\n<\/thead>\n<tbody>\n<tr>\n<td>1<\/td>\n<td>Contacter votre mutuelle rapidement apr\u00e8s la naissance.<\/td>\n<\/tr>\n<tr>\n<td>2<\/td>\n<td>Fournir l\u2019acte de naissance et le livret de famille.<\/td>\n<\/tr>\n<tr>\n<td>3<\/td>\n<td>V\u00e9rifier l\u2019inscription de votre enfant au contrat et la mise \u00e0 jour des garanties.<\/td>\n<\/tr>\n<\/tbody>\n<\/table>\n<\/div>\n\n\n\n<h2 class=\"wp-block-heading\">FAQ<\/h2>\n\n\n\n<div class=\"faq-container\">\n<div class=\"faq-item\">\n<div class=\"faq-question\">Ma mutuelle sant\u00e9 est-elle suspendue pendant mon cong\u00e9 de maternit\u00e9 ?<\/div>\n<div class=\"faq-answer\">\n<p>Non, votre mutuelle sant\u00e9 n\u2019est g\u00e9n\u00e9ralement pas suspendue pendant votre cong\u00e9 maternit\u00e9. Vos garanties et cotisations sont maintenues, que votre contrat soit collectif ou individuel. Il est important de continuer \u00e0 r\u00e9gler vos cotisations pour \u00e9viter toute interruption de votre couverture.<\/p>\n<\/div>\n<\/div>\n<div class=\"faq-item\">\n<div class=\"faq-question\">Comment payer ma mutuelle sant\u00e9 durant mon cong\u00e9 maternit\u00e9&nbsp;?<\/div>\n<div class=\"faq-answer\">\n<p>Le paiement de votre mutuelle pendant le cong\u00e9 maternit\u00e9 d\u00e9pend de votre type de contrat. Pour un contrat collectif, les cotisations sont g\u00e9n\u00e9ralement pr\u00e9lev\u00e9es sur votre salaire. Pour un contrat individuel, vous continuez de payer selon les modalit\u00e9s habituelles (pr\u00e9l\u00e8vement, virement). Dans tous les cas, assurez-vous de respecter les \u00e9ch\u00e9ances pour maintenir votre couverture.<\/p>\n<\/div>\n<\/div>\n<div class=\"faq-item\">\n<div class=\"faq-question\">Mutuelle d\u2019entreprise vs mutuelle individuelle&nbsp;: que se passe-t-il pendant le cong\u00e9 maternit\u00e9&nbsp;?<\/div>\n<div class=\"faq-answer\">\n<p>Pendant votre cong\u00e9 maternit\u00e9, la continuit\u00e9 de votre mutuelle est assur\u00e9e, qu\u2019elle soit collective (entreprise) ou individuelle. Les cotisations d\u2019une mutuelle d\u2019entreprise sont g\u00e9n\u00e9ralement pr\u00e9lev\u00e9es sur votre salaire, tandis que celles d\u2019une mutuelle individuelle restent \u00e0 votre charge. N\u2019h\u00e9sitez pas \u00e0 contacter votre assureur pour plus d\u2019informations.<\/p>\n<\/div>\n<\/div>\n<div class=\"faq-item\">\n<div class=\"faq-question\">Dois-je d\u00e9clarer mon cong\u00e9 maternit\u00e9 \u00e0 ma mutuelle sant\u00e9&nbsp;?<\/div>\n<div class=\"faq-answer\">\n<p>Il n&rsquo;est pas obligatoire de d\u00e9clarer votre cong\u00e9 maternit\u00e9 \u00e0 votre mutuelle, mais il est conseill\u00e9 de les informer de tout changement de situation. Cela vous permettra de v\u00e9rifier que vos pr\u00e9l\u00e8vements sont correctement ajust\u00e9s et de vous assurer de la continuit\u00e9 de vos garanties. En cas de doute, contactez votre organisme assureur.<\/p>\n<\/div>\n<\/div>\n<div class=\"faq-item\">\n<div class=\"faq-question\">Combien de temps apr\u00e8s mon accouchement dois-je d\u00e9clarer mon enfant \u00e0 ma mutuelle&nbsp;?<\/div>\n<div class=\"faq-answer\">\n<p>Il est conseill\u00e9 de d\u00e9clarer la naissance de votre enfant \u00e0 votre mutuelle dans les meilleurs d\u00e9lais, id\u00e9alement dans le mois suivant l\u2019accouchement. Vous devrez fournir l&rsquo;acte de naissance pour mettre \u00e0 jour votre contrat et assurer la couverture sant\u00e9 de votre nouveau-n\u00e9. Un retard de d\u00e9claration pourrait entra\u00eener des difficult\u00e9s de prise en charge.<\/p>\n<\/div>\n<\/div>\n<div class=\"faq-item\">\n<div class=\"faq-question\">Si je change de mutuelle pendant mon cong\u00e9 maternit\u00e9, y a-t-il des d\u00e9marches sp\u00e9cifiques&nbsp;?<\/div>\n<div class=\"faq-answer\">\n<p>Changer de mutuelle pendant votre cong\u00e9 maternit\u00e9 est possible. Respectez les conditions de r\u00e9siliation de votre contrat actuel, qui peut inclure un pr\u00e9avis. Souscrivez ensuite \u00e0 votre nouvelle mutuelle en fournissant les documents n\u00e9cessaires. Assurez-vous de la continuit\u00e9 de votre couverture sant\u00e9 pendant cette transition. En cas de doute, consultez un conseiller.<\/p>\n<\/div>\n<\/div>\n<\/div>\n","protected":false},"excerpt":{"rendered":"<p>Votre mutuelle sant\u00e9 est-elle suspendue pendant votre cong\u00e9 maternit\u00e9&nbsp;? Cette question l\u00e9gitime concerne de nombreuses futures mamans. En France, plus de 750&nbsp;000 naissances sont enregistr\u00e9es chaque ann\u00e9e. Comprendre le fonctionnement de votre couverture sant\u00e9 durant cette p\u00e9riode est essentiel pour votre s\u00e9r\u00e9nit\u00e9 et celle de votre b\u00e9b\u00e9. Vous b\u00e9n\u00e9ficierez d\u2019une protection continue si vous respectez [&hellip;]<\/p>\n","protected":false},"author":1,"featured_media":2797,"comment_status":"open","ping_status":"open","sticky":false,"template":"","format":"standard","meta":{"_et_pb_use_builder":"off","_et_pb_old_content":"","_et_gb_content_width":"","footnotes":""},"categories":[25,20,21],"tags":[],"class_list":["post-2819","post","type-post","status-publish","format-standard","has-post-thumbnail","hentry","category-blog","category-sante","category-vie-pratique"],"yoast_head":"<!-- This site is optimized with the Yoast SEO plugin v27.1.1 - https:\/\/yoast.com\/product\/yoast-seo-wordpress\/ -->\n<title>Cong\u00e9 maternit\u00e9 : Ma mutuelle est-elle suspendue ? R\u00e9ponses et d\u00e9marches<\/title>\n<meta name=\"description\" content=\"Vous \u00eates enceinte et vous vous interrogez sur l&#039;impact de votre cong\u00e9 maternit\u00e9 sur votre mutuelle ? D\u00e9couvrez si elle est suspendue, comment g\u00e9rer vos cotisations et les d\u00e9marches \u00e0 effectuer.\" \/>\n<meta name=\"robots\" content=\"index, follow, max-snippet:-1, max-image-preview:large, max-video-preview:-1\" \/>\n<link rel=\"canonical\" href=\"https:\/\/ergodays.com\/fr\/mutuelle-conge-maternite\/\" \/>\n<meta property=\"og:locale\" content=\"fr_FR\" \/>\n<meta property=\"og:type\" content=\"article\" \/>\n<meta property=\"og:title\" content=\"Cong\u00e9 maternit\u00e9 : Ma mutuelle est-elle suspendue ? R\u00e9ponses et d\u00e9marches\" \/>\n<meta property=\"og:description\" content=\"Vous \u00eates enceinte et vous vous interrogez sur l&#039;impact de votre cong\u00e9 maternit\u00e9 sur votre mutuelle ? D\u00e9couvrez si elle est suspendue, comment g\u00e9rer vos cotisations et les d\u00e9marches \u00e0 effectuer.\" \/>\n<meta property=\"og:url\" content=\"https:\/\/ergodays.com\/fr\/mutuelle-conge-maternite\/\" \/>\n<meta property=\"og:site_name\" content=\"Ergodays\" \/>\n<meta property=\"article:published_time\" content=\"2025-09-04T13:04:53+00:00\" \/>\n<meta property=\"og:image\" content=\"https:\/\/ergodays.com\/fr\/wp-content\/uploads\/2025\/08\/maternite-couple-nouveau-ne.webp\" \/>\n\t<meta property=\"og:image:width\" content=\"1920\" \/>\n\t<meta property=\"og:image:height\" content=\"1080\" \/>\n\t<meta property=\"og:image:type\" content=\"image\/webp\" \/>\n<meta name=\"author\" content=\"Nicolas\" \/>\n<meta name=\"twitter:card\" content=\"summary_large_image\" \/>\n<script type=\"application\/ld+json\" class=\"yoast-schema-graph\">{\"@context\":\"https:\/\/schema.org\",\"@graph\":[{\"@type\":\"Article\",\"@id\":\"https:\/\/ergodays.com\/fr\/mutuelle-conge-maternite\/#article\",\"isPartOf\":{\"@id\":\"https:\/\/ergodays.com\/fr\/mutuelle-conge-maternite\/\"},\"author\":{\"name\":\"Nicolas\",\"@id\":\"https:\/\/ergodays.com\/fr\/#\/schema\/person\/e91f77b48593c8febd62a82c4f01bfca\"},\"headline\":\"Mutuelle et cong\u00e9 maternit\u00e9 : comment \u00e7a marche ?\",\"datePublished\":\"2025-09-04T13:04:53+00:00\",\"mainEntityOfPage\":{\"@id\":\"https:\/\/ergodays.com\/fr\/mutuelle-conge-maternite\/\"},\"wordCount\":1459,\"commentCount\":0,\"publisher\":{\"@id\":\"https:\/\/ergodays.com\/fr\/#organization\"},\"image\":{\"@id\":\"https:\/\/ergodays.com\/fr\/mutuelle-conge-maternite\/#primaryimage\"},\"thumbnailUrl\":\"https:\/\/ergodays.com\/fr\/wp-content\/uploads\/2025\/08\/maternite-couple-nouveau-ne.webp\",\"articleSection\":[\"Blog\",\"Sant\u00e9\",\"Vie Pratique\"],\"inLanguage\":\"fr-FR\",\"potentialAction\":[{\"@type\":\"CommentAction\",\"name\":\"Comment\",\"target\":[\"https:\/\/ergodays.com\/fr\/mutuelle-conge-maternite\/#respond\"]}]},{\"@type\":\"WebPage\",\"@id\":\"https:\/\/ergodays.com\/fr\/mutuelle-conge-maternite\/\",\"url\":\"https:\/\/ergodays.com\/fr\/mutuelle-conge-maternite\/\",\"name\":\"Cong\u00e9 maternit\u00e9 : Ma mutuelle est-elle suspendue ? R\u00e9ponses et d\u00e9marches\",\"isPartOf\":{\"@id\":\"https:\/\/ergodays.com\/fr\/#website\"},\"primaryImageOfPage\":{\"@id\":\"https:\/\/ergodays.com\/fr\/mutuelle-conge-maternite\/#primaryimage\"},\"image\":{\"@id\":\"https:\/\/ergodays.com\/fr\/mutuelle-conge-maternite\/#primaryimage\"},\"thumbnailUrl\":\"https:\/\/ergodays.com\/fr\/wp-content\/uploads\/2025\/08\/maternite-couple-nouveau-ne.webp\",\"datePublished\":\"2025-09-04T13:04:53+00:00\",\"description\":\"Vous \u00eates enceinte et vous vous interrogez sur l'impact de votre cong\u00e9 maternit\u00e9 sur votre mutuelle ? D\u00e9couvrez si elle est suspendue, comment g\u00e9rer vos cotisations et les d\u00e9marches \u00e0 effectuer.\",\"breadcrumb\":{\"@id\":\"https:\/\/ergodays.com\/fr\/mutuelle-conge-maternite\/#breadcrumb\"},\"inLanguage\":\"fr-FR\",\"potentialAction\":[{\"@type\":\"ReadAction\",\"target\":[\"https:\/\/ergodays.com\/fr\/mutuelle-conge-maternite\/\"]}]},{\"@type\":\"ImageObject\",\"inLanguage\":\"fr-FR\",\"@id\":\"https:\/\/ergodays.com\/fr\/mutuelle-conge-maternite\/#primaryimage\",\"url\":\"https:\/\/ergodays.com\/fr\/wp-content\/uploads\/2025\/08\/maternite-couple-nouveau-ne.webp\",\"contentUrl\":\"https:\/\/ergodays.com\/fr\/wp-content\/uploads\/2025\/08\/maternite-couple-nouveau-ne.webp\",\"width\":1920,\"height\":1080},{\"@type\":\"BreadcrumbList\",\"@id\":\"https:\/\/ergodays.com\/fr\/mutuelle-conge-maternite\/#breadcrumb\",\"itemListElement\":[{\"@type\":\"ListItem\",\"position\":1,\"name\":\"Accueil\",\"item\":\"https:\/\/ergodays.com\/fr\/\"},{\"@type\":\"ListItem\",\"position\":2,\"name\":\"Mutuelle et cong\u00e9 maternit\u00e9 : comment \u00e7a marche ?\"}]},{\"@type\":\"WebSite\",\"@id\":\"https:\/\/ergodays.com\/fr\/#website\",\"url\":\"https:\/\/ergodays.com\/fr\/\",\"name\":\"Ergodays\",\"description\":\"Faire entrer l&#039;ergonomie dans notre quotidien\",\"publisher\":{\"@id\":\"https:\/\/ergodays.com\/fr\/#organization\"},\"potentialAction\":[{\"@type\":\"SearchAction\",\"target\":{\"@type\":\"EntryPoint\",\"urlTemplate\":\"https:\/\/ergodays.com\/fr\/?s={search_term_string}\"},\"query-input\":{\"@type\":\"PropertyValueSpecification\",\"valueRequired\":true,\"valueName\":\"search_term_string\"}}],\"inLanguage\":\"fr-FR\"},{\"@type\":\"Organization\",\"@id\":\"https:\/\/ergodays.com\/fr\/#organization\",\"name\":\"Ergodays\",\"url\":\"https:\/\/ergodays.com\/fr\/\",\"logo\":{\"@type\":\"ImageObject\",\"inLanguage\":\"fr-FR\",\"@id\":\"https:\/\/ergodays.com\/fr\/#\/schema\/logo\/image\/\",\"url\":\"https:\/\/ergodays.com\/fr\/wp-content\/uploads\/2021\/10\/logo-carre-ergodays-500-zoom.png\",\"contentUrl\":\"https:\/\/ergodays.com\/fr\/wp-content\/uploads\/2021\/10\/logo-carre-ergodays-500-zoom.png\",\"width\":500,\"height\":500,\"caption\":\"Ergodays\"},\"image\":{\"@id\":\"https:\/\/ergodays.com\/fr\/#\/schema\/logo\/image\/\"}},{\"@type\":\"Person\",\"@id\":\"https:\/\/ergodays.com\/fr\/#\/schema\/person\/e91f77b48593c8febd62a82c4f01bfca\",\"name\":\"Nicolas\",\"image\":{\"@type\":\"ImageObject\",\"inLanguage\":\"fr-FR\",\"@id\":\"https:\/\/ergodays.com\/fr\/#\/schema\/person\/image\/\",\"url\":\"https:\/\/secure.gravatar.com\/avatar\/e5eb09d2e7bf89825ebdfe37decdcaf89b3396fbffa5c066918e0b78b80ae1b2?s=96&d=mm&r=g\",\"contentUrl\":\"https:\/\/secure.gravatar.com\/avatar\/e5eb09d2e7bf89825ebdfe37decdcaf89b3396fbffa5c066918e0b78b80ae1b2?s=96&d=mm&r=g\",\"caption\":\"Nicolas\"},\"sameAs\":[\"http:\/\/ergodays.com\/fr\"]}]}<\/script>\n<!-- \/ Yoast SEO plugin. -->","yoast_head_json":{"title":"Cong\u00e9 maternit\u00e9 : Ma mutuelle est-elle suspendue ? R\u00e9ponses et d\u00e9marches","description":"Vous \u00eates enceinte et vous vous interrogez sur l'impact de votre cong\u00e9 maternit\u00e9 sur votre mutuelle ? D\u00e9couvrez si elle est suspendue, comment g\u00e9rer vos cotisations et les d\u00e9marches \u00e0 effectuer.","robots":{"index":"index","follow":"follow","max-snippet":"max-snippet:-1","max-image-preview":"max-image-preview:large","max-video-preview":"max-video-preview:-1"},"canonical":"https:\/\/ergodays.com\/fr\/mutuelle-conge-maternite\/","og_locale":"fr_FR","og_type":"article","og_title":"Cong\u00e9 maternit\u00e9 : Ma mutuelle est-elle suspendue ? R\u00e9ponses et d\u00e9marches","og_description":"Vous \u00eates enceinte et vous vous interrogez sur l'impact de votre cong\u00e9 maternit\u00e9 sur votre mutuelle ? D\u00e9couvrez si elle est suspendue, comment g\u00e9rer vos cotisations et les d\u00e9marches \u00e0 effectuer.","og_url":"https:\/\/ergodays.com\/fr\/mutuelle-conge-maternite\/","og_site_name":"Ergodays","article_published_time":"2025-09-04T13:04:53+00:00","og_image":[{"width":1920,"height":1080,"url":"https:\/\/ergodays.com\/fr\/wp-content\/uploads\/2025\/08\/maternite-couple-nouveau-ne.webp","type":"image\/webp"}],"author":"Nicolas","twitter_card":"summary_large_image","schema":{"@context":"https:\/\/schema.org","@graph":[{"@type":"Article","@id":"https:\/\/ergodays.com\/fr\/mutuelle-conge-maternite\/#article","isPartOf":{"@id":"https:\/\/ergodays.com\/fr\/mutuelle-conge-maternite\/"},"author":{"name":"Nicolas","@id":"https:\/\/ergodays.com\/fr\/#\/schema\/person\/e91f77b48593c8febd62a82c4f01bfca"},"headline":"Mutuelle et cong\u00e9 maternit\u00e9 : comment \u00e7a marche ?","datePublished":"2025-09-04T13:04:53+00:00","mainEntityOfPage":{"@id":"https:\/\/ergodays.com\/fr\/mutuelle-conge-maternite\/"},"wordCount":1459,"commentCount":0,"publisher":{"@id":"https:\/\/ergodays.com\/fr\/#organization"},"image":{"@id":"https:\/\/ergodays.com\/fr\/mutuelle-conge-maternite\/#primaryimage"},"thumbnailUrl":"https:\/\/ergodays.com\/fr\/wp-content\/uploads\/2025\/08\/maternite-couple-nouveau-ne.webp","articleSection":["Blog","Sant\u00e9","Vie Pratique"],"inLanguage":"fr-FR","potentialAction":[{"@type":"CommentAction","name":"Comment","target":["https:\/\/ergodays.com\/fr\/mutuelle-conge-maternite\/#respond"]}]},{"@type":"WebPage","@id":"https:\/\/ergodays.com\/fr\/mutuelle-conge-maternite\/","url":"https:\/\/ergodays.com\/fr\/mutuelle-conge-maternite\/","name":"Cong\u00e9 maternit\u00e9 : Ma mutuelle est-elle suspendue ? R\u00e9ponses et d\u00e9marches","isPartOf":{"@id":"https:\/\/ergodays.com\/fr\/#website"},"primaryImageOfPage":{"@id":"https:\/\/ergodays.com\/fr\/mutuelle-conge-maternite\/#primaryimage"},"image":{"@id":"https:\/\/ergodays.com\/fr\/mutuelle-conge-maternite\/#primaryimage"},"thumbnailUrl":"https:\/\/ergodays.com\/fr\/wp-content\/uploads\/2025\/08\/maternite-couple-nouveau-ne.webp","datePublished":"2025-09-04T13:04:53+00:00","description":"Vous \u00eates enceinte et vous vous interrogez sur l'impact de votre cong\u00e9 maternit\u00e9 sur votre mutuelle ? D\u00e9couvrez si elle est suspendue, comment g\u00e9rer vos cotisations et les d\u00e9marches \u00e0 effectuer.","breadcrumb":{"@id":"https:\/\/ergodays.com\/fr\/mutuelle-conge-maternite\/#breadcrumb"},"inLanguage":"fr-FR","potentialAction":[{"@type":"ReadAction","target":["https:\/\/ergodays.com\/fr\/mutuelle-conge-maternite\/"]}]},{"@type":"ImageObject","inLanguage":"fr-FR","@id":"https:\/\/ergodays.com\/fr\/mutuelle-conge-maternite\/#primaryimage","url":"https:\/\/ergodays.com\/fr\/wp-content\/uploads\/2025\/08\/maternite-couple-nouveau-ne.webp","contentUrl":"https:\/\/ergodays.com\/fr\/wp-content\/uploads\/2025\/08\/maternite-couple-nouveau-ne.webp","width":1920,"height":1080},{"@type":"BreadcrumbList","@id":"https:\/\/ergodays.com\/fr\/mutuelle-conge-maternite\/#breadcrumb","itemListElement":[{"@type":"ListItem","position":1,"name":"Accueil","item":"https:\/\/ergodays.com\/fr\/"},{"@type":"ListItem","position":2,"name":"Mutuelle et cong\u00e9 maternit\u00e9 : comment \u00e7a marche ?"}]},{"@type":"WebSite","@id":"https:\/\/ergodays.com\/fr\/#website","url":"https:\/\/ergodays.com\/fr\/","name":"Ergodays","description":"Faire entrer l&#039;ergonomie dans notre quotidien","publisher":{"@id":"https:\/\/ergodays.com\/fr\/#organization"},"potentialAction":[{"@type":"SearchAction","target":{"@type":"EntryPoint","urlTemplate":"https:\/\/ergodays.com\/fr\/?s={search_term_string}"},"query-input":{"@type":"PropertyValueSpecification","valueRequired":true,"valueName":"search_term_string"}}],"inLanguage":"fr-FR"},{"@type":"Organization","@id":"https:\/\/ergodays.com\/fr\/#organization","name":"Ergodays","url":"https:\/\/ergodays.com\/fr\/","logo":{"@type":"ImageObject","inLanguage":"fr-FR","@id":"https:\/\/ergodays.com\/fr\/#\/schema\/logo\/image\/","url":"https:\/\/ergodays.com\/fr\/wp-content\/uploads\/2021\/10\/logo-carre-ergodays-500-zoom.png","contentUrl":"https:\/\/ergodays.com\/fr\/wp-content\/uploads\/2021\/10\/logo-carre-ergodays-500-zoom.png","width":500,"height":500,"caption":"Ergodays"},"image":{"@id":"https:\/\/ergodays.com\/fr\/#\/schema\/logo\/image\/"}},{"@type":"Person","@id":"https:\/\/ergodays.com\/fr\/#\/schema\/person\/e91f77b48593c8febd62a82c4f01bfca","name":"Nicolas","image":{"@type":"ImageObject","inLanguage":"fr-FR","@id":"https:\/\/ergodays.com\/fr\/#\/schema\/person\/image\/","url":"https:\/\/secure.gravatar.com\/avatar\/e5eb09d2e7bf89825ebdfe37decdcaf89b3396fbffa5c066918e0b78b80ae1b2?s=96&d=mm&r=g","contentUrl":"https:\/\/secure.gravatar.com\/avatar\/e5eb09d2e7bf89825ebdfe37decdcaf89b3396fbffa5c066918e0b78b80ae1b2?s=96&d=mm&r=g","caption":"Nicolas"},"sameAs":["http:\/\/ergodays.com\/fr"]}]}},"_links":{"self":[{"href":"https:\/\/ergodays.com\/fr\/wp-json\/wp\/v2\/posts\/2819","targetHints":{"allow":["GET"]}}],"collection":[{"href":"https:\/\/ergodays.com\/fr\/wp-json\/wp\/v2\/posts"}],"about":[{"href":"https:\/\/ergodays.com\/fr\/wp-json\/wp\/v2\/types\/post"}],"author":[{"embeddable":true,"href":"https:\/\/ergodays.com\/fr\/wp-json\/wp\/v2\/users\/1"}],"replies":[{"embeddable":true,"href":"https:\/\/ergodays.com\/fr\/wp-json\/wp\/v2\/comments?post=2819"}],"version-history":[{"count":1,"href":"https:\/\/ergodays.com\/fr\/wp-json\/wp\/v2\/posts\/2819\/revisions"}],"predecessor-version":[{"id":2820,"href":"https:\/\/ergodays.com\/fr\/wp-json\/wp\/v2\/posts\/2819\/revisions\/2820"}],"wp:featuredmedia":[{"embeddable":true,"href":"https:\/\/ergodays.com\/fr\/wp-json\/wp\/v2\/media\/2797"}],"wp:attachment":[{"href":"https:\/\/ergodays.com\/fr\/wp-json\/wp\/v2\/media?parent=2819"}],"wp:term":[{"taxonomy":"category","embeddable":true,"href":"https:\/\/ergodays.com\/fr\/wp-json\/wp\/v2\/categories?post=2819"},{"taxonomy":"post_tag","embeddable":true,"href":"https:\/\/ergodays.com\/fr\/wp-json\/wp\/v2\/tags?post=2819"}],"curies":[{"name":"wp","href":"https:\/\/api.w.org\/{rel}","templated":true}]}}