{"id":2850,"date":"2025-12-09T09:29:01","date_gmt":"2025-12-09T08:29:01","guid":{"rendered":"https:\/\/ergodays.com\/fr\/?p=2850"},"modified":"2025-12-09T09:30:06","modified_gmt":"2025-12-09T08:30:06","slug":"soulager-naturellement-le-psoriasis-du-cuir-chevelu","status":"publish","type":"post","link":"https:\/\/ergodays.com\/fr\/soulager-naturellement-le-psoriasis-du-cuir-chevelu\/","title":{"rendered":"Comment soulager naturellement et efficacement le psoriasis du cuir chevelu ?"},"content":{"rendered":"\n<p>Le psoriasis du cuir chevelu est une maladie chronique, marqu\u00e9e par des plaques rouges \u00e9paisses, des d\u00e9mangeaisons et une desquamation parfois tr\u00e8s g\u00eanante. Incurable \u00e0 ce jour, cette dermatose inflammatoire peut n\u00e9anmoins \u00eatre soulag\u00e9e durablement gr\u00e2ce \u00e0 une prise en charge globale alliant soins naturels cibl\u00e9s, hygi\u00e8ne de vie individualis\u00e9e et suivi m\u00e9dical adapt\u00e9.<\/p>\n\n\n\n<h2 class=\"wp-block-heading\">Des soins naturels pour apaiser les sympt\u00f4mes du cuir chevelu<\/h2>\n\n\n\n<p>Vivre avec un cuir chevelu sensible et irrit\u00e9 par le psoriasis est un vrai d\u00e9fi au quotidien. Les d\u00e9mangeaisons et les plaques peuvent g\u00e9n\u00e9rer beaucoup d&rsquo;inconfort et de frustration. Comme c&rsquo;est expliqu\u00e9 <a href=\"https:\/\/www.lm-natura.com\/\">sur ce site<\/a>, choisir des soins tr\u00e8s doux, sans sulfates ni silicones, respectant l&rsquo;\u00e9quilibre naturel du cuir chevelu, est alors essentiel. Ces <strong>soins naturels<\/strong> apaisent et prot\u00e8gent la peau tout en \u00e9vitant d&rsquo;aggraver son \u00e9tat. Plusieurs ingr\u00e9dients efficaces viennent soutenir ce soulagement important :<\/p>\n\n\n\n<ul class=\"wp-block-list\">\n<li><strong>Huiles v\u00e9g\u00e9tales anti-inflammatoires :<\/strong> Carapa procera (forte action antipsoriasique), nigelle, bourrache, argan, calendula et amande douce, utilis\u00e9es en bains d&rsquo;huile ou massages, apaisent l&rsquo;inflammation, favorisent le d\u00e9collage des squames et participent \u00e0 la r\u00e9paration cutan\u00e9e.<\/li>\n\n\n\n<li><strong>Gel d&rsquo;aloe vera pur :<\/strong> Reconnu pour ses propri\u00e9t\u00e9s anti-inflammatoires, cicatrisantes et apaisantes, il att\u00e9nue les d\u00e9mangeaisons et am\u00e9liore visiblement l&rsquo;\u00e9tat des plaques (efficacit\u00e9 d\u00e9montr\u00e9e scientifiquement). \u00c0 privil\u00e9gier \u00e0 98-99 % de puret\u00e9, appliqu\u00e9 2-3 fois par jour directement sur les plaques.<\/li>\n\n\n\n<li><strong>Huiles essentielles cibl\u00e9es :<\/strong> Lavande vraie ou aspic, tea tree, camomille romaine, dilu\u00e9es dans une huile v\u00e9g\u00e9tale neutre, sont efficaces contre l&rsquo;inflammation et les d\u00e9mangeaisons. <strong>Attention :<\/strong> toujours tester sur une petite zone et ne pas utiliser pures. Respecter une dilution de 1-3 % maximum.<\/li>\n\n\n\n<li><strong>Bain de sel de la Mer Morte :<\/strong> 1 \u00e0 2 fois par semaine, il enrichit la peau en min\u00e9raux (magn\u00e9sium, brome, potassium), apaise la desquamation et r\u00e9duit l&rsquo;inconfort. Immerger le cuir chevelu 15-20 minutes dans une solution ti\u00e8de contenant 100-200 g de sel.<\/li>\n\n\n\n<li><strong>Rin\u00e7age au vinaigre de cidre dilu\u00e9 (1:3) :<\/strong> Apr\u00e8s le shampoing, il r\u00e9\u00e9quilibre le pH du cuir chevelu et diminue les d\u00e9mangeaisons. <strong>Important :<\/strong> jamais appliquer pur sur peau irrit\u00e9e ou l\u00e9s\u00e9e. Masser d\u00e9licatement pendant 2 minutes puis rincer abondamment.<\/li>\n<\/ul>\n\n\n\n<p>En compl\u00e9ment, des extraits de plantes comme la <strong>bardane<\/strong>, la <strong>pens\u00e9e sauvage<\/strong> ou la <strong>camomille<\/strong> sont traditionnellement utilis\u00e9s en cure interne (infusion, compl\u00e9ment), mais leur usage est \u00e0 privil\u00e9gier en accompagnement, les preuves cliniques restant \u00e0 consolider.<\/p>\n\n\n\n<h2 class=\"wp-block-heading\">L&rsquo;hygi\u00e8ne de vie : pilier du contr\u00f4le du psoriasis<\/h2>\n\n\n\n<p>Pour stabiliser durablement l&rsquo;\u00e9tat de la peau et limiter la fr\u00e9quence des pouss\u00e9es, l&rsquo;approche doit \u00eatre globale et s&rsquo;articuler autour de plusieurs facteurs cl\u00e9s du quotidien.<\/p>\n\n\n\n<h3 class=\"wp-block-heading\">Stress et modes de vie<\/h3>\n\n\n\n<p>Le stress figure parmi les premiers d\u00e9clencheurs de pouss\u00e9e, impliqu\u00e9 dans 20-30 % des crises. Pratiquer r\u00e9guli\u00e8rement m\u00e9ditation, yoga, relaxation, maintenir une activit\u00e9 physique douce (marche, natation, \u00e9tirements) et veiller \u00e0 une bonne qualit\u00e9 de sommeil sont autant de leviers efficaces pour stabiliser la maladie. La pratique quotidienne de la pleine conscience peut multiplier par quatre l&rsquo;efficacit\u00e9 des autres traitements.<\/p>\n\n\n\n<h3 class=\"wp-block-heading\">Alimentation anti-inflammatoire<\/h3>\n\n\n\n<p>Adopter une alimentation anti-inflammatoire constitue un soutien pr\u00e9cieux pour <strong>att\u00e9nuer les sympt\u00f4mes du psoriasis<\/strong>. Il est conseill\u00e9 d&rsquo;int\u00e9grer r\u00e9guli\u00e8rement des <strong>aliments riches en om\u00e9ga-3<\/strong>, comme le saumon ou les sardines, qui aident \u00e0 r\u00e9duire l&rsquo;inflammation. Une consommation abondante de <strong>fruits et l\u00e9gumes<\/strong>, notamment ceux riches en <strong>antioxydants<\/strong>, en vitamines A, D, E et en fibres, contribue aussi \u00e0 renforcer la barri\u00e8re cutan\u00e9e et \u00e0 calmer les pouss\u00e9es. Privil\u00e9gier une alimentation \u00e9quilibr\u00e9e, en \u00e9vitant les produits transform\u00e9s, les <strong>exc\u00e8s de sucre et d&rsquo;alcool<\/strong>, peut faire une diff\u00e9rence notable dans la gestion de la maladie.<\/p>\n\n\n\n<h3 class=\"wp-block-heading\">Hydratation adapt\u00e9e<\/h3>\n\n\n\n<p>Au-del\u00e0 de la consommation r\u00e9guli\u00e8re d&rsquo;eau, l&rsquo;application quotidienne de soins riches en <strong>c\u00e9ramides<\/strong> ou huiles v\u00e9g\u00e9tales r\u00e9tablit la barri\u00e8re lipidique et limite le dess\u00e8chement du cuir chevelu. Appliquer matin et soir, en particulier une cr\u00e8me hydratante adapt\u00e9e apr\u00e8s avoir nettoy\u00e9 le cuir chevelu.<\/p>\n\n\n\n<h2 class=\"wp-block-heading\">Comportements \u00e0 \u00e9viter et facteurs aggravants<\/h2>\n\n\n\n<p>Voici une liste des principaux facteurs qui peuvent aggraver la pr\u00e9sence de psoriasis sur le cuir chevelu.<\/p>\n\n\n\n<ul class=\"wp-block-list\">\n<li><strong>Tabac et alcool :<\/strong> Facteurs aggravants reconnus du psoriasis.<\/li>\n\n\n\n<li><strong>Produits capillaires irritants :<\/strong> \u00c9vitez les formules avec des sulfates, silicones, parab\u00e8nes, colorations chimiques, d\u00e9colorations ou permanentes.<\/li>\n\n\n\n<li><strong>Lavages trop fr\u00e9quents :<\/strong> Limiter \u00e0 2-3 fois par semaine maximum pour pr\u00e9server la barri\u00e8re cutan\u00e9e naturelle.<\/li>\n\n\n\n<li><strong>Eau trop chaude :<\/strong> Privil\u00e9gier l&rsquo;eau ti\u00e8de lors du lavage des cheveux.<\/li>\n\n\n\n<li><strong>Traumatismes cutan\u00e9s :<\/strong> \u00c9viter les accessoires m\u00e9talliques, les brosses agressives, les \u00e9lastiques serr\u00e9s et surtout le grattage r\u00e9p\u00e9t\u00e9 (risque de surinfection bact\u00e9rienne).<\/li>\n\n\n\n<li><strong>Exposition solaire excessive :<\/strong> Bien que mod\u00e9r\u00e9e (15-30 min\/jour) soit b\u00e9n\u00e9fique, l&rsquo;exc\u00e8s aggrave chez 10 % des patients. Appliquer une protection solaire apr\u00e8s cette dur\u00e9e.<\/li>\n<\/ul>\n\n\n\n<h2 class=\"wp-block-heading\">R\u00f4le essentiel du diagnostic m\u00e9dical et de la surveillance<\/h2>\n\n\n\n<p>Le diagnostic pr\u00e9cis du psoriasis doit \u00eatre pos\u00e9 par un <strong>dermatologue<\/strong>, pour diff\u00e9rencier d&rsquo;autres pathologies proches (dermite s\u00e9borrh\u00e9ique, allergie, ecz\u00e9ma). Le suivi permet \u00e9galement d&rsquo;anticiper et de traiter les complications \u00e9ventuelles.<\/p>\n\n\n\n<p><strong>Consultez en urgence si vous constatez :<\/strong><\/p>\n\n\n\n<ul class=\"wp-block-list\">\n<li>Des infections suspect\u00e9es (plaques douloureuses, chaleur locale, suppuration, fi\u00e8vre).<\/li>\n\n\n\n<li>Une extension rapide des plaques ou aggravation s\u00e9v\u00e8re.<\/li>\n\n\n\n<li>L&rsquo;absence d&rsquo;am\u00e9lioration en 4 \u00e0 6 semaines malgr\u00e9 des soins r\u00e9guliers et bien appliqu\u00e9s.<\/li>\n\n\n\n<li>Des douleurs articulaires \u00e9voquant une \u00e9ventuelle forme rhumatismale du psoriasis.<\/li>\n\n\n\n<li>Un impact psychologique majeur (anxi\u00e9t\u00e9, d\u00e9pression, isolement social).<\/li>\n<\/ul>\n\n\n\n<p>Un suivi r\u00e9gulier permettra d&rsquo;ajuster les soins en fonction de l&rsquo;\u00e9volution, de pr\u00e9venir les rechutes et d&rsquo;accompagner le patient dans la gestion de cette maladie chronique. <strong>Les approches naturelles compl\u00e8tent et ne remplacent pas les traitements m\u00e9dicamenteux prescrits en cas de formes mod\u00e9r\u00e9es \u00e0 s\u00e9v\u00e8res.<\/strong><\/p>\n\n\n\n<h2 class=\"wp-block-heading\">Un protocole de soins optimal pour r\u00e9sultats durables<\/h2>\n\n\n\n<p>Pour optimiser votre prise en charge naturelle, voici une routine hebdomadaire et quotidienne recommand\u00e9e :<\/p>\n\n\n\n<h3 class=\"wp-block-heading\">Routine hebdomadaire<\/h3>\n\n\n\n<ul class=\"wp-block-list\">\n<li><strong>1-2x par semaine :<\/strong> Bain d&rsquo;huile anti-inflammatoire (Carapa procera, nigelle, calendula, amande douce) en pose d&rsquo;au moins 1 heure ou toute la nuit sous bonnet.<\/li>\n\n\n\n<li><strong>1-2x par semaine :<\/strong> Bain min\u00e9ral au sel de la Mer Morte (15-20 minutes).<\/li>\n<\/ul>\n\n\n\n<h3 class=\"wp-block-heading\">Routine quotidienne<\/h3>\n\n\n\n<ul class=\"wp-block-list\">\n<li><strong>Nettoyage doux (2-3x\/semaine) :<\/strong> Shampoing sans sulfate, massage d\u00e9licat 2-3 minutes sans grattage.<\/li>\n\n\n\n<li><strong>Rin\u00e7age sp\u00e9cialis\u00e9 :<\/strong> Vinaigre de cidre dilu\u00e9 1:3, 2 minutes de massage puis rin\u00e7age abondant.<\/li>\n\n\n\n<li><strong>Apaisement imm\u00e9diat :<\/strong> Vaporiser hydrolat apaisant (bleuet, bois de santal) ou appliquer gel d&rsquo;aloe vera pur.<\/li>\n\n\n\n<li><strong>Application anti-inflammatoire (3-4x\/jour en crise, 1x\/jour en entretien) :<\/strong> Synergie d&rsquo;huiles essentielles dilu\u00e9es (lavande 5-6 gouttes + tea tree 3-4 gouttes + camomille 2-3 gouttes pour 30 ml d&rsquo;huile v\u00e9g\u00e9tale).<\/li>\n\n\n\n<li><strong>Hydratation finale (2x\/jour) :<\/strong> Cr\u00e8me ou huile v\u00e9g\u00e9tale riche en c\u00e9ramides, massage jusqu&rsquo;\u00e0 absorption compl\u00e8te.<\/li>\n\n\n\n<li><strong>Cure interne (quotidienne) :<\/strong> Om\u00e9ga-3, vitamine D, probiotiques, alimentation anti-inflammatoire (minimum 6-8 semaines de traitement coh\u00e9rent).<\/li>\n<\/ul>\n\n\n\n<p><em>Cet article est \u00e0 titre informatif. Consultez toujours un dermatologue ou un professionnel de sant\u00e9 qualifi\u00e9 avant de d\u00e9buter tout traitement, notamment en cas de psoriasis s\u00e9v\u00e8re ou d&rsquo;absence d&rsquo;am\u00e9lioration.<\/em><\/p>\n","protected":false},"excerpt":{"rendered":"<p>Le psoriasis du cuir chevelu est une maladie chronique, marqu\u00e9e par des plaques rouges \u00e9paisses, des d\u00e9mangeaisons et une desquamation parfois tr\u00e8s g\u00eanante. Incurable \u00e0 ce jour, cette dermatose inflammatoire peut n\u00e9anmoins \u00eatre soulag\u00e9e durablement gr\u00e2ce \u00e0 une prise en charge globale alliant soins naturels cibl\u00e9s, hygi\u00e8ne de vie individualis\u00e9e et suivi m\u00e9dical adapt\u00e9. Des [&hellip;]<\/p>\n","protected":false},"author":1,"featured_media":2852,"comment_status":"open","ping_status":"open","sticky":false,"template":"","format":"standard","meta":{"_et_pb_use_builder":"off","_et_pb_old_content":"","_et_gb_content_width":"1080","footnotes":""},"categories":[25,22,20],"tags":[],"class_list":["post-2850","post","type-post","status-publish","format-standard","has-post-thumbnail","hentry","category-blog","category-hygiene","category-sante"],"yoast_head":"<!-- This site is optimized with the Yoast SEO plugin v27.1.1 - https:\/\/yoast.com\/product\/yoast-seo-wordpress\/ -->\n<title>Comment soulager naturellement et efficacement le psoriasis du cuir chevelu ? - Ergodays<\/title>\n<meta name=\"description\" content=\"Soulagez naturellement le psoriasis du cuir chevelu gr\u00e2ce \u00e0 des soins doux, une hygi\u00e8ne de vie anti\u2011inflammatoire et un suivi dermatologique pour limiter d\u00e9mangeaisons, plaques et pouss\u00e9es.\u200b\" \/>\n<meta name=\"robots\" content=\"index, follow, max-snippet:-1, max-image-preview:large, max-video-preview:-1\" \/>\n<link rel=\"canonical\" href=\"https:\/\/ergodays.com\/fr\/soulager-naturellement-le-psoriasis-du-cuir-chevelu\/\" \/>\n<meta property=\"og:locale\" content=\"fr_FR\" \/>\n<meta property=\"og:type\" content=\"article\" \/>\n<meta property=\"og:title\" content=\"Comment soulager naturellement et efficacement le psoriasis du cuir chevelu ? - Ergodays\" \/>\n<meta property=\"og:description\" content=\"Soulagez naturellement le psoriasis du cuir chevelu gr\u00e2ce \u00e0 des soins doux, une hygi\u00e8ne de vie anti\u2011inflammatoire et un suivi dermatologique pour limiter d\u00e9mangeaisons, plaques et pouss\u00e9es.\u200b\" \/>\n<meta property=\"og:url\" content=\"https:\/\/ergodays.com\/fr\/soulager-naturellement-le-psoriasis-du-cuir-chevelu\/\" \/>\n<meta property=\"og:site_name\" content=\"Ergodays\" \/>\n<meta property=\"article:published_time\" content=\"2025-12-09T08:29:01+00:00\" \/>\n<meta property=\"article:modified_time\" content=\"2025-12-09T08:30:06+00:00\" \/>\n<meta property=\"og:image\" content=\"https:\/\/ergodays.com\/fr\/wp-content\/uploads\/2025\/12\/naturellement-efficacement.jpg\" \/>\n\t<meta property=\"og:image:width\" content=\"1200\" \/>\n\t<meta property=\"og:image:height\" content=\"675\" \/>\n\t<meta property=\"og:image:type\" content=\"image\/jpeg\" \/>\n<meta name=\"author\" content=\"Nicolas\" \/>\n<meta name=\"twitter:card\" content=\"summary_large_image\" \/>\n<script type=\"application\/ld+json\" class=\"yoast-schema-graph\">{\"@context\":\"https:\/\/schema.org\",\"@graph\":[{\"@type\":\"Article\",\"@id\":\"https:\/\/ergodays.com\/fr\/soulager-naturellement-le-psoriasis-du-cuir-chevelu\/#article\",\"isPartOf\":{\"@id\":\"https:\/\/ergodays.com\/fr\/soulager-naturellement-le-psoriasis-du-cuir-chevelu\/\"},\"author\":{\"name\":\"Nicolas\",\"@id\":\"https:\/\/ergodays.com\/fr\/#\/schema\/person\/e91f77b48593c8febd62a82c4f01bfca\"},\"headline\":\"Comment soulager naturellement et efficacement le psoriasis du cuir chevelu ?\",\"datePublished\":\"2025-12-09T08:29:01+00:00\",\"dateModified\":\"2025-12-09T08:30:06+00:00\",\"mainEntityOfPage\":{\"@id\":\"https:\/\/ergodays.com\/fr\/soulager-naturellement-le-psoriasis-du-cuir-chevelu\/\"},\"wordCount\":1248,\"commentCount\":0,\"publisher\":{\"@id\":\"https:\/\/ergodays.com\/fr\/#organization\"},\"image\":{\"@id\":\"https:\/\/ergodays.com\/fr\/soulager-naturellement-le-psoriasis-du-cuir-chevelu\/#primaryimage\"},\"thumbnailUrl\":\"https:\/\/ergodays.com\/fr\/wp-content\/uploads\/2025\/12\/naturellement-efficacement.jpg\",\"articleSection\":[\"Blog\",\"Hygi\u00e8ne\",\"Sant\u00e9\"],\"inLanguage\":\"fr-FR\",\"potentialAction\":[{\"@type\":\"CommentAction\",\"name\":\"Comment\",\"target\":[\"https:\/\/ergodays.com\/fr\/soulager-naturellement-le-psoriasis-du-cuir-chevelu\/#respond\"]}]},{\"@type\":\"WebPage\",\"@id\":\"https:\/\/ergodays.com\/fr\/soulager-naturellement-le-psoriasis-du-cuir-chevelu\/\",\"url\":\"https:\/\/ergodays.com\/fr\/soulager-naturellement-le-psoriasis-du-cuir-chevelu\/\",\"name\":\"Comment soulager naturellement et efficacement le psoriasis du cuir chevelu ? - Ergodays\",\"isPartOf\":{\"@id\":\"https:\/\/ergodays.com\/fr\/#website\"},\"primaryImageOfPage\":{\"@id\":\"https:\/\/ergodays.com\/fr\/soulager-naturellement-le-psoriasis-du-cuir-chevelu\/#primaryimage\"},\"image\":{\"@id\":\"https:\/\/ergodays.com\/fr\/soulager-naturellement-le-psoriasis-du-cuir-chevelu\/#primaryimage\"},\"thumbnailUrl\":\"https:\/\/ergodays.com\/fr\/wp-content\/uploads\/2025\/12\/naturellement-efficacement.jpg\",\"datePublished\":\"2025-12-09T08:29:01+00:00\",\"dateModified\":\"2025-12-09T08:30:06+00:00\",\"description\":\"Soulagez naturellement le psoriasis du cuir chevelu gr\u00e2ce \u00e0 des soins doux, une hygi\u00e8ne de vie anti\u2011inflammatoire et un suivi dermatologique pour limiter d\u00e9mangeaisons, plaques et pouss\u00e9es.\u200b\",\"breadcrumb\":{\"@id\":\"https:\/\/ergodays.com\/fr\/soulager-naturellement-le-psoriasis-du-cuir-chevelu\/#breadcrumb\"},\"inLanguage\":\"fr-FR\",\"potentialAction\":[{\"@type\":\"ReadAction\",\"target\":[\"https:\/\/ergodays.com\/fr\/soulager-naturellement-le-psoriasis-du-cuir-chevelu\/\"]}]},{\"@type\":\"ImageObject\",\"inLanguage\":\"fr-FR\",\"@id\":\"https:\/\/ergodays.com\/fr\/soulager-naturellement-le-psoriasis-du-cuir-chevelu\/#primaryimage\",\"url\":\"https:\/\/ergodays.com\/fr\/wp-content\/uploads\/2025\/12\/naturellement-efficacement.jpg\",\"contentUrl\":\"https:\/\/ergodays.com\/fr\/wp-content\/uploads\/2025\/12\/naturellement-efficacement.jpg\",\"width\":1200,\"height\":675},{\"@type\":\"BreadcrumbList\",\"@id\":\"https:\/\/ergodays.com\/fr\/soulager-naturellement-le-psoriasis-du-cuir-chevelu\/#breadcrumb\",\"itemListElement\":[{\"@type\":\"ListItem\",\"position\":1,\"name\":\"Accueil\",\"item\":\"https:\/\/ergodays.com\/fr\/\"},{\"@type\":\"ListItem\",\"position\":2,\"name\":\"Comment soulager naturellement et efficacement le psoriasis du cuir chevelu ?\"}]},{\"@type\":\"WebSite\",\"@id\":\"https:\/\/ergodays.com\/fr\/#website\",\"url\":\"https:\/\/ergodays.com\/fr\/\",\"name\":\"Ergodays\",\"description\":\"Faire entrer l&#039;ergonomie dans notre quotidien\",\"publisher\":{\"@id\":\"https:\/\/ergodays.com\/fr\/#organization\"},\"potentialAction\":[{\"@type\":\"SearchAction\",\"target\":{\"@type\":\"EntryPoint\",\"urlTemplate\":\"https:\/\/ergodays.com\/fr\/?s={search_term_string}\"},\"query-input\":{\"@type\":\"PropertyValueSpecification\",\"valueRequired\":true,\"valueName\":\"search_term_string\"}}],\"inLanguage\":\"fr-FR\"},{\"@type\":\"Organization\",\"@id\":\"https:\/\/ergodays.com\/fr\/#organization\",\"name\":\"Ergodays\",\"url\":\"https:\/\/ergodays.com\/fr\/\",\"logo\":{\"@type\":\"ImageObject\",\"inLanguage\":\"fr-FR\",\"@id\":\"https:\/\/ergodays.com\/fr\/#\/schema\/logo\/image\/\",\"url\":\"https:\/\/ergodays.com\/fr\/wp-content\/uploads\/2021\/10\/logo-carre-ergodays-500-zoom.png\",\"contentUrl\":\"https:\/\/ergodays.com\/fr\/wp-content\/uploads\/2021\/10\/logo-carre-ergodays-500-zoom.png\",\"width\":500,\"height\":500,\"caption\":\"Ergodays\"},\"image\":{\"@id\":\"https:\/\/ergodays.com\/fr\/#\/schema\/logo\/image\/\"}},{\"@type\":\"Person\",\"@id\":\"https:\/\/ergodays.com\/fr\/#\/schema\/person\/e91f77b48593c8febd62a82c4f01bfca\",\"name\":\"Nicolas\",\"image\":{\"@type\":\"ImageObject\",\"inLanguage\":\"fr-FR\",\"@id\":\"https:\/\/ergodays.com\/fr\/#\/schema\/person\/image\/\",\"url\":\"https:\/\/secure.gravatar.com\/avatar\/e5eb09d2e7bf89825ebdfe37decdcaf89b3396fbffa5c066918e0b78b80ae1b2?s=96&d=mm&r=g\",\"contentUrl\":\"https:\/\/secure.gravatar.com\/avatar\/e5eb09d2e7bf89825ebdfe37decdcaf89b3396fbffa5c066918e0b78b80ae1b2?s=96&d=mm&r=g\",\"caption\":\"Nicolas\"},\"sameAs\":[\"http:\/\/ergodays.com\/fr\"]}]}<\/script>\n<!-- \/ Yoast SEO plugin. -->","yoast_head_json":{"title":"Comment soulager naturellement et efficacement le psoriasis du cuir chevelu ? - Ergodays","description":"Soulagez naturellement le psoriasis du cuir chevelu gr\u00e2ce \u00e0 des soins doux, une hygi\u00e8ne de vie anti\u2011inflammatoire et un suivi dermatologique pour limiter d\u00e9mangeaisons, plaques et pouss\u00e9es.\u200b","robots":{"index":"index","follow":"follow","max-snippet":"max-snippet:-1","max-image-preview":"max-image-preview:large","max-video-preview":"max-video-preview:-1"},"canonical":"https:\/\/ergodays.com\/fr\/soulager-naturellement-le-psoriasis-du-cuir-chevelu\/","og_locale":"fr_FR","og_type":"article","og_title":"Comment soulager naturellement et efficacement le psoriasis du cuir chevelu ? - Ergodays","og_description":"Soulagez naturellement le psoriasis du cuir chevelu gr\u00e2ce \u00e0 des soins doux, une hygi\u00e8ne de vie anti\u2011inflammatoire et un suivi dermatologique pour limiter d\u00e9mangeaisons, plaques et pouss\u00e9es.\u200b","og_url":"https:\/\/ergodays.com\/fr\/soulager-naturellement-le-psoriasis-du-cuir-chevelu\/","og_site_name":"Ergodays","article_published_time":"2025-12-09T08:29:01+00:00","article_modified_time":"2025-12-09T08:30:06+00:00","og_image":[{"width":1200,"height":675,"url":"https:\/\/ergodays.com\/fr\/wp-content\/uploads\/2025\/12\/naturellement-efficacement.jpg","type":"image\/jpeg"}],"author":"Nicolas","twitter_card":"summary_large_image","schema":{"@context":"https:\/\/schema.org","@graph":[{"@type":"Article","@id":"https:\/\/ergodays.com\/fr\/soulager-naturellement-le-psoriasis-du-cuir-chevelu\/#article","isPartOf":{"@id":"https:\/\/ergodays.com\/fr\/soulager-naturellement-le-psoriasis-du-cuir-chevelu\/"},"author":{"name":"Nicolas","@id":"https:\/\/ergodays.com\/fr\/#\/schema\/person\/e91f77b48593c8febd62a82c4f01bfca"},"headline":"Comment soulager naturellement et efficacement le psoriasis du cuir chevelu ?","datePublished":"2025-12-09T08:29:01+00:00","dateModified":"2025-12-09T08:30:06+00:00","mainEntityOfPage":{"@id":"https:\/\/ergodays.com\/fr\/soulager-naturellement-le-psoriasis-du-cuir-chevelu\/"},"wordCount":1248,"commentCount":0,"publisher":{"@id":"https:\/\/ergodays.com\/fr\/#organization"},"image":{"@id":"https:\/\/ergodays.com\/fr\/soulager-naturellement-le-psoriasis-du-cuir-chevelu\/#primaryimage"},"thumbnailUrl":"https:\/\/ergodays.com\/fr\/wp-content\/uploads\/2025\/12\/naturellement-efficacement.jpg","articleSection":["Blog","Hygi\u00e8ne","Sant\u00e9"],"inLanguage":"fr-FR","potentialAction":[{"@type":"CommentAction","name":"Comment","target":["https:\/\/ergodays.com\/fr\/soulager-naturellement-le-psoriasis-du-cuir-chevelu\/#respond"]}]},{"@type":"WebPage","@id":"https:\/\/ergodays.com\/fr\/soulager-naturellement-le-psoriasis-du-cuir-chevelu\/","url":"https:\/\/ergodays.com\/fr\/soulager-naturellement-le-psoriasis-du-cuir-chevelu\/","name":"Comment soulager naturellement et efficacement le psoriasis du cuir chevelu ? - Ergodays","isPartOf":{"@id":"https:\/\/ergodays.com\/fr\/#website"},"primaryImageOfPage":{"@id":"https:\/\/ergodays.com\/fr\/soulager-naturellement-le-psoriasis-du-cuir-chevelu\/#primaryimage"},"image":{"@id":"https:\/\/ergodays.com\/fr\/soulager-naturellement-le-psoriasis-du-cuir-chevelu\/#primaryimage"},"thumbnailUrl":"https:\/\/ergodays.com\/fr\/wp-content\/uploads\/2025\/12\/naturellement-efficacement.jpg","datePublished":"2025-12-09T08:29:01+00:00","dateModified":"2025-12-09T08:30:06+00:00","description":"Soulagez naturellement le psoriasis du cuir chevelu gr\u00e2ce \u00e0 des soins doux, une hygi\u00e8ne de vie anti\u2011inflammatoire et un suivi dermatologique pour limiter d\u00e9mangeaisons, plaques et pouss\u00e9es.\u200b","breadcrumb":{"@id":"https:\/\/ergodays.com\/fr\/soulager-naturellement-le-psoriasis-du-cuir-chevelu\/#breadcrumb"},"inLanguage":"fr-FR","potentialAction":[{"@type":"ReadAction","target":["https:\/\/ergodays.com\/fr\/soulager-naturellement-le-psoriasis-du-cuir-chevelu\/"]}]},{"@type":"ImageObject","inLanguage":"fr-FR","@id":"https:\/\/ergodays.com\/fr\/soulager-naturellement-le-psoriasis-du-cuir-chevelu\/#primaryimage","url":"https:\/\/ergodays.com\/fr\/wp-content\/uploads\/2025\/12\/naturellement-efficacement.jpg","contentUrl":"https:\/\/ergodays.com\/fr\/wp-content\/uploads\/2025\/12\/naturellement-efficacement.jpg","width":1200,"height":675},{"@type":"BreadcrumbList","@id":"https:\/\/ergodays.com\/fr\/soulager-naturellement-le-psoriasis-du-cuir-chevelu\/#breadcrumb","itemListElement":[{"@type":"ListItem","position":1,"name":"Accueil","item":"https:\/\/ergodays.com\/fr\/"},{"@type":"ListItem","position":2,"name":"Comment soulager naturellement et efficacement le psoriasis du cuir chevelu ?"}]},{"@type":"WebSite","@id":"https:\/\/ergodays.com\/fr\/#website","url":"https:\/\/ergodays.com\/fr\/","name":"Ergodays","description":"Faire entrer l&#039;ergonomie dans notre quotidien","publisher":{"@id":"https:\/\/ergodays.com\/fr\/#organization"},"potentialAction":[{"@type":"SearchAction","target":{"@type":"EntryPoint","urlTemplate":"https:\/\/ergodays.com\/fr\/?s={search_term_string}"},"query-input":{"@type":"PropertyValueSpecification","valueRequired":true,"valueName":"search_term_string"}}],"inLanguage":"fr-FR"},{"@type":"Organization","@id":"https:\/\/ergodays.com\/fr\/#organization","name":"Ergodays","url":"https:\/\/ergodays.com\/fr\/","logo":{"@type":"ImageObject","inLanguage":"fr-FR","@id":"https:\/\/ergodays.com\/fr\/#\/schema\/logo\/image\/","url":"https:\/\/ergodays.com\/fr\/wp-content\/uploads\/2021\/10\/logo-carre-ergodays-500-zoom.png","contentUrl":"https:\/\/ergodays.com\/fr\/wp-content\/uploads\/2021\/10\/logo-carre-ergodays-500-zoom.png","width":500,"height":500,"caption":"Ergodays"},"image":{"@id":"https:\/\/ergodays.com\/fr\/#\/schema\/logo\/image\/"}},{"@type":"Person","@id":"https:\/\/ergodays.com\/fr\/#\/schema\/person\/e91f77b48593c8febd62a82c4f01bfca","name":"Nicolas","image":{"@type":"ImageObject","inLanguage":"fr-FR","@id":"https:\/\/ergodays.com\/fr\/#\/schema\/person\/image\/","url":"https:\/\/secure.gravatar.com\/avatar\/e5eb09d2e7bf89825ebdfe37decdcaf89b3396fbffa5c066918e0b78b80ae1b2?s=96&d=mm&r=g","contentUrl":"https:\/\/secure.gravatar.com\/avatar\/e5eb09d2e7bf89825ebdfe37decdcaf89b3396fbffa5c066918e0b78b80ae1b2?s=96&d=mm&r=g","caption":"Nicolas"},"sameAs":["http:\/\/ergodays.com\/fr"]}]}},"_links":{"self":[{"href":"https:\/\/ergodays.com\/fr\/wp-json\/wp\/v2\/posts\/2850","targetHints":{"allow":["GET"]}}],"collection":[{"href":"https:\/\/ergodays.com\/fr\/wp-json\/wp\/v2\/posts"}],"about":[{"href":"https:\/\/ergodays.com\/fr\/wp-json\/wp\/v2\/types\/post"}],"author":[{"embeddable":true,"href":"https:\/\/ergodays.com\/fr\/wp-json\/wp\/v2\/users\/1"}],"replies":[{"embeddable":true,"href":"https:\/\/ergodays.com\/fr\/wp-json\/wp\/v2\/comments?post=2850"}],"version-history":[{"count":1,"href":"https:\/\/ergodays.com\/fr\/wp-json\/wp\/v2\/posts\/2850\/revisions"}],"predecessor-version":[{"id":2851,"href":"https:\/\/ergodays.com\/fr\/wp-json\/wp\/v2\/posts\/2850\/revisions\/2851"}],"wp:featuredmedia":[{"embeddable":true,"href":"https:\/\/ergodays.com\/fr\/wp-json\/wp\/v2\/media\/2852"}],"wp:attachment":[{"href":"https:\/\/ergodays.com\/fr\/wp-json\/wp\/v2\/media?parent=2850"}],"wp:term":[{"taxonomy":"category","embeddable":true,"href":"https:\/\/ergodays.com\/fr\/wp-json\/wp\/v2\/categories?post=2850"},{"taxonomy":"post_tag","embeddable":true,"href":"https:\/\/ergodays.com\/fr\/wp-json\/wp\/v2\/tags?post=2850"}],"curies":[{"name":"wp","href":"https:\/\/api.w.org\/{rel}","templated":true}]}}