{"id":2854,"date":"2026-01-02T10:17:37","date_gmt":"2026-01-02T09:17:37","guid":{"rendered":"https:\/\/ergodays.com\/fr\/?p=2854"},"modified":"2026-01-02T10:17:38","modified_gmt":"2026-01-02T09:17:38","slug":"photobiomodulation-utilisation-professionnels-du-soin","status":"publish","type":"post","link":"https:\/\/ergodays.com\/fr\/photobiomodulation-utilisation-professionnels-du-soin\/","title":{"rendered":"Photobiomodulation : pourquoi les professionnels du soin l&rsquo;adoptent ?"},"content":{"rendered":"\n<p>Une technologie r\u00e9volutionnaire qui transforme les cabinets de sant\u00e9 et d&rsquo;esth\u00e9tique<\/p>\n\n\n\n<p>La photobiomodulation gagne rapidement du terrain dans les cabinets de sant\u00e9 et d&rsquo;esth\u00e9tique. Cette technologie, qui utilise la lumi\u00e8re pour stimuler les cellules, s\u00e9duit une large palette de professionnels : kin\u00e9sith\u00e9rapeutes, m\u00e9decins, dermatologues, esth\u00e9ticiens. Mais qu&rsquo;est-ce qui explique cet engouement ? Et surtout, quels b\u00e9n\u00e9fices concrets apporte-t-elle aux patients ?<\/p>\n\n\n\n<h2 class=\"wp-block-heading\">D\u00e9couvrez les appareils professionnels de photobiomodulation<\/h2>\n\n\n\n<p>Avant d&rsquo;adopter la photobiomodulation, les praticiens doivent comprendre les appareils disponibles. Le fonctionnement repose sur un principe simple : lorsque la lumi\u00e8re p\u00e9n\u00e8tre la peau, elle est absorb\u00e9e par les mitochondries de nos cellules. Cette absorption d\u00e9clenche une r\u00e9action en cha\u00eene qui augmente la production d&rsquo;ATP, sorte de \u00ab batterie \u00e9nerg\u00e9tique \u00bb cellulaire. Avec plus d&rsquo;\u00e9nergie, les cellules se r\u00e9g\u00e9n\u00e8rent mieux, l&rsquo;inflammation diminue et la cicatrisation s&rsquo;acc\u00e9l\u00e8re. Si vous souhaitez <a href=\"https:\/\/www.milta.fr\/\">en d\u00e9couvrir plus<\/a> sur la <strong>photobiomodulation<\/strong>, n&rsquo;h\u00e9sitez pas \u00e0 vous rendre sur les plateformes sp\u00e9cialis\u00e9es.<\/p>\n\n\n\n<p>Il existe deux technologies principales :<\/p>\n\n\n\n<ul class=\"wp-block-list\">\n<li>Les<strong> LED rouges<\/strong> (630-660 nanom\u00e8tres) p\u00e9n\u00e8trent les couches superficielles de la peau. Id\u00e9ales pour les applications esth\u00e9tiques comme l&rsquo;anti-\u00e2ge facial ou l&rsquo;acn\u00e9.<\/li>\n\n\n\n<li>L&rsquo;<strong>infrarouge proche<\/strong> (800-900 nanom\u00e8tres) p\u00e9n\u00e8tre plus profond\u00e9ment, atteignant muscles, articulations et tissus profonds. C&rsquo;est cette technologie que privil\u00e9gient les kin\u00e9sith\u00e9rapeutes et les m\u00e9decins du sport.<\/li>\n<\/ul>\n\n\n\n<p>Les appareils professionnels certifi\u00e9s CE m\u00e9dical offrent des performances sup\u00e9rieures aux dispositifs grand public. Ils d\u00e9livrent une irradiance (puissance) adapt\u00e9e pour garantir l&rsquo;efficacit\u00e9 th\u00e9rapeutique sans danger. Les praticiens peuvent choisir entre des panneaux fixes pour le cabinet ou des applicateurs portables pour plus de polyvalence. Le crit\u00e8re de s\u00e9lection principal reste le <strong>marquage CE<\/strong> m\u00e9dical, car ce label garantit conformit\u00e9 r\u00e9glementaire, s\u00e9curit\u00e9 et efficacit\u00e9 document\u00e9e. Pour les cabinets fran\u00e7ais, c&rsquo;est un incontournable avant d&rsquo;investir.<\/p>\n\n\n\n<h2 class=\"wp-block-heading\">Quels b\u00e9n\u00e9fices th\u00e9rapeutiques pour vos patients ?<\/h2>\n\n\n\n<p>Les professionnels adoptent la photobiomodulation pour une raison centrale : elle livre des r\u00e9sultats mesurables et durables. Pour la gestion de la douleur et l&rsquo;inflammation, les donn\u00e9es cliniques sont \u00e9loquentes. Les patients souffrant de <strong>douleurs chroniques<\/strong>, d&rsquo;arthrose ou de tendinites retrouvent une meilleure mobilit\u00e9 apr\u00e8s quelques s\u00e9ances. L&rsquo;effet anti-inflammatoire r\u00e9duit les gonflements et diminue la d\u00e9pendance aux m\u00e9dicaments. Elle est donc particuli\u00e8rement appr\u00e9ci\u00e9e des praticiens cherchant des solutions holistiques.<\/p>\n\n\n\n<p>En cicatrisation et <strong>gu\u00e9rison des plaies<\/strong>, la photobiomodulation acc\u00e9l\u00e8re les m\u00e9canismes naturels de r\u00e9g\u00e9n\u00e9ration. Les fibroblastes (cellules responsables de la cicatrisation) se r\u00e9g\u00e9n\u00e8rent plus rapidement. Les plaies chirurgicales cicatrisent plus vite, avec des cicatrices moins visibles. Les kin\u00e9sith\u00e9rapeutes l&rsquo;utilisent r\u00e9guli\u00e8rement post-chirurgie pour optimiser la r\u00e9cup\u00e9ration.<\/p>\n\n\n\n<p>En esth\u00e9tique, les r\u00e9sultats captivent les patientes. Apr\u00e8s 6 \u00e0 12 s\u00e9ances r\u00e9guli\u00e8res, on observe une augmentation document\u00e9e du collag\u00e8ne dermique de +37%. Les ridules se lissent, la peau retrouve \u00e9clat et souplesse. Pour l&rsquo;acn\u00e9, la combinaison de lumi\u00e8re bleue et rouge \u00e9limine les bact\u00e9ries tout en apaisant l&rsquo;inflammation : 76 % des cas trait\u00e9s montrent une am\u00e9lioration notable. Enfin, en <strong>r\u00e9cup\u00e9ration musculaire<\/strong>, les athl\u00e8tes et sportifs constatent une acc\u00e9l\u00e9ration jusqu&rsquo;\u00e0 deux fois plus rapide. Moins de courbatures, une meilleure r\u00e9cup\u00e9ration post-effort et un retour plus rapide \u00e0 l&rsquo;entra\u00eenement. Les m\u00e9decins du sport en font d\u00e9sormais un \u00e9l\u00e9ment central de leurs protocoles de r\u00e9adaptation.<\/p>\n\n\n\n<h2 class=\"wp-block-heading\">Applications cliniques en m\u00e9decine et en esth\u00e9tique<\/h2>\n\n\n\n<p>La versatilit\u00e9 de la photobiomodulation explique son adoption croissante dans des domaines vari\u00e9s. En kin\u00e9sith\u00e9rapie, elle facilite la <strong>r\u00e9\u00e9ducation post-traumatique<\/strong> et post-chirurgicale. Elle r\u00e9duit les douleurs, stimule la circulation sanguine et acc\u00e9l\u00e8re le drainage lymphatique. Les protocoles sont standardis\u00e9s et reproductibles, permettant une int\u00e9gration fluide aux soins existants. En m\u00e9decine du sport, elle est devenue incontournable pour la gestion des blessures ligamentaires, des tendinopathies et de la r\u00e9cup\u00e9ration athl\u00e9tique. Les clubs professionnels l&rsquo;int\u00e8grent progressivement dans leurs structures de sant\u00e9.<\/p>\n\n\n\n<p>Concernant l&rsquo;oncologie, des \u00e9tudes men\u00e9es au CHU Amiens-Picardie d\u00e9montrent son efficacit\u00e9 pour pr\u00e9venir les mucites orales et les radiodermites chez les patients en radioth\u00e9rapie. Les r\u00e9sultats : meilleure qualit\u00e9 de vie, moins d&rsquo;interruptions de traitement et am\u00e9lioration de la tol\u00e9rance globale aux th\u00e9rapies. En dermatologie esth\u00e9tique, elle traite l&rsquo;acn\u00e9, les cicatrices d&rsquo;acn\u00e9, la rosacea et le <strong>rel\u00e2chement cutan\u00e9<\/strong>. Associ\u00e9e \u00e0 d&rsquo;autres soins (peelings chimiques, JetPeel), elle en amplifie les r\u00e9sultats tout en r\u00e9duisant les effets secondaires comme les rougeurs ou les \u0153d\u00e8mes. Les protocoles demeurent simples et reproductibles : s\u00e9ances de 8 \u00e0 15 minutes, 2 \u00e0 3 fois par semaine, pendant 6 \u00e0 12 semaines selon l&rsquo;indication. La dose \u00e9nerg\u00e9tique optimale se situe entre 6 et 10 joules par centim\u00e8tre carr\u00e9.<\/p>\n\n\n\n<h2 class=\"wp-block-heading\">Int\u00e9grez la PBM dans votre pratique quotidienne<\/h2>\n\n\n\n<p>Pour les praticiens envisageant l&rsquo;adoption de cette technologie, l&rsquo;int\u00e9gration reste simple et non disruptive. Op\u00e9rationnellement, la photobiomodulation demande peu de bouleversement. Une s\u00e9ance dure <strong>8-15 minutes selon la zone<\/strong> trait\u00e9e. Aucune douleur, aucun temps de r\u00e9cup\u00e9ration : le patient peut repartir imm\u00e9diatement et reprendre ses activit\u00e9s. C&rsquo;est cet aspect \u00ab plug-and-play \u00bb qui s\u00e9duit les professionnels press\u00e9s par les plannings charg\u00e9s.<\/p>\n\n\n\n<p>R\u00e9glementairement, le cadre fran\u00e7ais s&rsquo;affermit. Les professions de sant\u00e9 r\u00e9glement\u00e9es (m\u00e9decins, kin\u00e9sith\u00e9rapeutes, dentistes) peuvent l&rsquo;utiliser librement si l&rsquo;appareil porte le marquage CE m\u00e9dical. Les esth\u00e9ticiens doivent rester dans un cadre non m\u00e9dical, sans diagnostic ni promesse th\u00e9rapeutique explicite. Financi\u00e8rement, c&rsquo;est un <strong>investissement intelligent<\/strong>. Les appareils professionnels certifi\u00e9s offrent un bon rapport co\u00fbt-b\u00e9n\u00e9fice sur le long terme. Les patients satisfaits reviennent r\u00e9guli\u00e8rement et recommandent le service. Cela cr\u00e9e une nouvelle source de revenus avec fid\u00e9lisation am\u00e9lior\u00e9e et panier moyen augment\u00e9.<\/p>\n\n\n\n<p>L&rsquo;adoption croissante de la photobiomodulation par les professionnels s&rsquo;explique par une convergence de facteurs : preuves scientifiques solides (plus de 4000 \u00e9tudes publi\u00e9es), appareils mieux r\u00e9gul\u00e9s, et demande patiente croissante pour des solutions naturelles et efficaces. Dans un contexte de qu\u00eate de<strong> bien-\u00eatre global<\/strong>, la photobiomodulation offre exactement ce que praticiens et patients recherchent : une technologie respectueuse du corps, fond\u00e9e sur la science, capable de d\u00e9livrer des r\u00e9sultats tangibles et durables. Le moment pour s&rsquo;informer pr\u00e9cis\u00e9ment est venu. Les ann\u00e9es \u00e0 venir verront probablement la photobiomodulation devenir aussi courante que l&rsquo;\u00e9chographie en cabinet m\u00e9dical.<\/p>\n","protected":false},"excerpt":{"rendered":"<p>Une technologie r\u00e9volutionnaire qui transforme les cabinets de sant\u00e9 et d&rsquo;esth\u00e9tique La photobiomodulation gagne rapidement du terrain dans les cabinets de sant\u00e9 et d&rsquo;esth\u00e9tique. Cette technologie, qui utilise la lumi\u00e8re pour stimuler les cellules, s\u00e9duit une large palette de professionnels : kin\u00e9sith\u00e9rapeutes, m\u00e9decins, dermatologues, esth\u00e9ticiens. Mais qu&rsquo;est-ce qui explique cet engouement ? Et surtout, quels [&hellip;]<\/p>\n","protected":false},"author":1,"featured_media":2855,"comment_status":"open","ping_status":"open","sticky":false,"template":"","format":"standard","meta":{"_et_pb_use_builder":"off","_et_pb_old_content":"","_et_gb_content_width":"","footnotes":""},"categories":[23,20],"tags":[],"class_list":["post-2854","post","type-post","status-publish","format-standard","has-post-thumbnail","hentry","category-bien-etre","category-sante"],"yoast_head":"<!-- This site is optimized with the Yoast SEO plugin v27.1.1 - https:\/\/yoast.com\/product\/yoast-seo-wordpress\/ -->\n<title>Pourquoi la photobiomodulation s\u00e9duit kin\u00e9s, dermatologues et esth\u00e9ticiens<\/title>\n<meta name=\"description\" content=\"D\u00e9couvrez comment la photobiomodulation transforme les cabinets m\u00e9dicaux et esth\u00e9tiques : r\u00e9duction douleur, cicatrisation acc\u00e9l\u00e9r\u00e9e, anti-\u00e2ge efficace. Appareils CE m\u00e9dicaux et protocoles simples.\" \/>\n<meta name=\"robots\" content=\"index, follow, max-snippet:-1, max-image-preview:large, max-video-preview:-1\" \/>\n<link rel=\"canonical\" href=\"https:\/\/ergodays.com\/fr\/photobiomodulation-utilisation-professionnels-du-soin\/\" \/>\n<meta property=\"og:locale\" content=\"fr_FR\" \/>\n<meta property=\"og:type\" content=\"article\" \/>\n<meta property=\"og:title\" content=\"Pourquoi la photobiomodulation s\u00e9duit kin\u00e9s, dermatologues et esth\u00e9ticiens\" \/>\n<meta property=\"og:description\" content=\"D\u00e9couvrez comment la photobiomodulation transforme les cabinets m\u00e9dicaux et esth\u00e9tiques : r\u00e9duction douleur, cicatrisation acc\u00e9l\u00e9r\u00e9e, anti-\u00e2ge efficace. Appareils CE m\u00e9dicaux et protocoles simples.\" \/>\n<meta property=\"og:url\" content=\"https:\/\/ergodays.com\/fr\/photobiomodulation-utilisation-professionnels-du-soin\/\" \/>\n<meta property=\"og:site_name\" content=\"Ergodays\" \/>\n<meta property=\"article:published_time\" content=\"2026-01-02T09:17:37+00:00\" \/>\n<meta property=\"article:modified_time\" content=\"2026-01-02T09:17:38+00:00\" \/>\n<meta property=\"og:image\" content=\"https:\/\/ergodays.com\/fr\/wp-content\/uploads\/2026\/01\/img-photobiomodulation-professionnels-pourquoi-adoptent-soin.jpg\" \/>\n\t<meta property=\"og:image:width\" content=\"1200\" \/>\n\t<meta property=\"og:image:height\" content=\"675\" \/>\n\t<meta property=\"og:image:type\" content=\"image\/jpeg\" \/>\n<meta name=\"author\" content=\"Nicolas\" \/>\n<meta name=\"twitter:card\" content=\"summary_large_image\" \/>\n<script type=\"application\/ld+json\" class=\"yoast-schema-graph\">{\"@context\":\"https:\/\/schema.org\",\"@graph\":[{\"@type\":\"Article\",\"@id\":\"https:\/\/ergodays.com\/fr\/photobiomodulation-utilisation-professionnels-du-soin\/#article\",\"isPartOf\":{\"@id\":\"https:\/\/ergodays.com\/fr\/photobiomodulation-utilisation-professionnels-du-soin\/\"},\"author\":{\"name\":\"Nicolas\",\"@id\":\"https:\/\/ergodays.com\/fr\/#\/schema\/person\/e91f77b48593c8febd62a82c4f01bfca\"},\"headline\":\"Photobiomodulation : pourquoi les professionnels du soin l&rsquo;adoptent ?\",\"datePublished\":\"2026-01-02T09:17:37+00:00\",\"dateModified\":\"2026-01-02T09:17:38+00:00\",\"mainEntityOfPage\":{\"@id\":\"https:\/\/ergodays.com\/fr\/photobiomodulation-utilisation-professionnels-du-soin\/\"},\"wordCount\":1152,\"commentCount\":0,\"publisher\":{\"@id\":\"https:\/\/ergodays.com\/fr\/#organization\"},\"image\":{\"@id\":\"https:\/\/ergodays.com\/fr\/photobiomodulation-utilisation-professionnels-du-soin\/#primaryimage\"},\"thumbnailUrl\":\"https:\/\/ergodays.com\/fr\/wp-content\/uploads\/2026\/01\/img-photobiomodulation-professionnels-pourquoi-adoptent-soin.jpg\",\"articleSection\":[\"Bien-\u00eatre\",\"Sant\u00e9\"],\"inLanguage\":\"fr-FR\",\"potentialAction\":[{\"@type\":\"CommentAction\",\"name\":\"Comment\",\"target\":[\"https:\/\/ergodays.com\/fr\/photobiomodulation-utilisation-professionnels-du-soin\/#respond\"]}]},{\"@type\":\"WebPage\",\"@id\":\"https:\/\/ergodays.com\/fr\/photobiomodulation-utilisation-professionnels-du-soin\/\",\"url\":\"https:\/\/ergodays.com\/fr\/photobiomodulation-utilisation-professionnels-du-soin\/\",\"name\":\"Pourquoi la photobiomodulation s\u00e9duit kin\u00e9s, dermatologues et esth\u00e9ticiens\",\"isPartOf\":{\"@id\":\"https:\/\/ergodays.com\/fr\/#website\"},\"primaryImageOfPage\":{\"@id\":\"https:\/\/ergodays.com\/fr\/photobiomodulation-utilisation-professionnels-du-soin\/#primaryimage\"},\"image\":{\"@id\":\"https:\/\/ergodays.com\/fr\/photobiomodulation-utilisation-professionnels-du-soin\/#primaryimage\"},\"thumbnailUrl\":\"https:\/\/ergodays.com\/fr\/wp-content\/uploads\/2026\/01\/img-photobiomodulation-professionnels-pourquoi-adoptent-soin.jpg\",\"datePublished\":\"2026-01-02T09:17:37+00:00\",\"dateModified\":\"2026-01-02T09:17:38+00:00\",\"description\":\"D\u00e9couvrez comment la photobiomodulation transforme les cabinets m\u00e9dicaux et esth\u00e9tiques : r\u00e9duction douleur, cicatrisation acc\u00e9l\u00e9r\u00e9e, anti-\u00e2ge efficace. Appareils CE m\u00e9dicaux et protocoles simples.\",\"breadcrumb\":{\"@id\":\"https:\/\/ergodays.com\/fr\/photobiomodulation-utilisation-professionnels-du-soin\/#breadcrumb\"},\"inLanguage\":\"fr-FR\",\"potentialAction\":[{\"@type\":\"ReadAction\",\"target\":[\"https:\/\/ergodays.com\/fr\/photobiomodulation-utilisation-professionnels-du-soin\/\"]}]},{\"@type\":\"ImageObject\",\"inLanguage\":\"fr-FR\",\"@id\":\"https:\/\/ergodays.com\/fr\/photobiomodulation-utilisation-professionnels-du-soin\/#primaryimage\",\"url\":\"https:\/\/ergodays.com\/fr\/wp-content\/uploads\/2026\/01\/img-photobiomodulation-professionnels-pourquoi-adoptent-soin.jpg\",\"contentUrl\":\"https:\/\/ergodays.com\/fr\/wp-content\/uploads\/2026\/01\/img-photobiomodulation-professionnels-pourquoi-adoptent-soin.jpg\",\"width\":1200,\"height\":675},{\"@type\":\"BreadcrumbList\",\"@id\":\"https:\/\/ergodays.com\/fr\/photobiomodulation-utilisation-professionnels-du-soin\/#breadcrumb\",\"itemListElement\":[{\"@type\":\"ListItem\",\"position\":1,\"name\":\"Accueil\",\"item\":\"https:\/\/ergodays.com\/fr\/\"},{\"@type\":\"ListItem\",\"position\":2,\"name\":\"Photobiomodulation : pourquoi les professionnels du soin l&rsquo;adoptent ?\"}]},{\"@type\":\"WebSite\",\"@id\":\"https:\/\/ergodays.com\/fr\/#website\",\"url\":\"https:\/\/ergodays.com\/fr\/\",\"name\":\"Ergodays\",\"description\":\"Faire entrer l&#039;ergonomie dans notre quotidien\",\"publisher\":{\"@id\":\"https:\/\/ergodays.com\/fr\/#organization\"},\"potentialAction\":[{\"@type\":\"SearchAction\",\"target\":{\"@type\":\"EntryPoint\",\"urlTemplate\":\"https:\/\/ergodays.com\/fr\/?s={search_term_string}\"},\"query-input\":{\"@type\":\"PropertyValueSpecification\",\"valueRequired\":true,\"valueName\":\"search_term_string\"}}],\"inLanguage\":\"fr-FR\"},{\"@type\":\"Organization\",\"@id\":\"https:\/\/ergodays.com\/fr\/#organization\",\"name\":\"Ergodays\",\"url\":\"https:\/\/ergodays.com\/fr\/\",\"logo\":{\"@type\":\"ImageObject\",\"inLanguage\":\"fr-FR\",\"@id\":\"https:\/\/ergodays.com\/fr\/#\/schema\/logo\/image\/\",\"url\":\"https:\/\/ergodays.com\/fr\/wp-content\/uploads\/2021\/10\/logo-carre-ergodays-500-zoom.png\",\"contentUrl\":\"https:\/\/ergodays.com\/fr\/wp-content\/uploads\/2021\/10\/logo-carre-ergodays-500-zoom.png\",\"width\":500,\"height\":500,\"caption\":\"Ergodays\"},\"image\":{\"@id\":\"https:\/\/ergodays.com\/fr\/#\/schema\/logo\/image\/\"}},{\"@type\":\"Person\",\"@id\":\"https:\/\/ergodays.com\/fr\/#\/schema\/person\/e91f77b48593c8febd62a82c4f01bfca\",\"name\":\"Nicolas\",\"image\":{\"@type\":\"ImageObject\",\"inLanguage\":\"fr-FR\",\"@id\":\"https:\/\/ergodays.com\/fr\/#\/schema\/person\/image\/\",\"url\":\"https:\/\/secure.gravatar.com\/avatar\/e5eb09d2e7bf89825ebdfe37decdcaf89b3396fbffa5c066918e0b78b80ae1b2?s=96&d=mm&r=g\",\"contentUrl\":\"https:\/\/secure.gravatar.com\/avatar\/e5eb09d2e7bf89825ebdfe37decdcaf89b3396fbffa5c066918e0b78b80ae1b2?s=96&d=mm&r=g\",\"caption\":\"Nicolas\"},\"sameAs\":[\"http:\/\/ergodays.com\/fr\"]}]}<\/script>\n<!-- \/ Yoast SEO plugin. -->","yoast_head_json":{"title":"Pourquoi la photobiomodulation s\u00e9duit kin\u00e9s, dermatologues et esth\u00e9ticiens","description":"D\u00e9couvrez comment la photobiomodulation transforme les cabinets m\u00e9dicaux et esth\u00e9tiques : r\u00e9duction douleur, cicatrisation acc\u00e9l\u00e9r\u00e9e, anti-\u00e2ge efficace. Appareils CE m\u00e9dicaux et protocoles simples.","robots":{"index":"index","follow":"follow","max-snippet":"max-snippet:-1","max-image-preview":"max-image-preview:large","max-video-preview":"max-video-preview:-1"},"canonical":"https:\/\/ergodays.com\/fr\/photobiomodulation-utilisation-professionnels-du-soin\/","og_locale":"fr_FR","og_type":"article","og_title":"Pourquoi la photobiomodulation s\u00e9duit kin\u00e9s, dermatologues et esth\u00e9ticiens","og_description":"D\u00e9couvrez comment la photobiomodulation transforme les cabinets m\u00e9dicaux et esth\u00e9tiques : r\u00e9duction douleur, cicatrisation acc\u00e9l\u00e9r\u00e9e, anti-\u00e2ge efficace. Appareils CE m\u00e9dicaux et protocoles simples.","og_url":"https:\/\/ergodays.com\/fr\/photobiomodulation-utilisation-professionnels-du-soin\/","og_site_name":"Ergodays","article_published_time":"2026-01-02T09:17:37+00:00","article_modified_time":"2026-01-02T09:17:38+00:00","og_image":[{"width":1200,"height":675,"url":"https:\/\/ergodays.com\/fr\/wp-content\/uploads\/2026\/01\/img-photobiomodulation-professionnels-pourquoi-adoptent-soin.jpg","type":"image\/jpeg"}],"author":"Nicolas","twitter_card":"summary_large_image","schema":{"@context":"https:\/\/schema.org","@graph":[{"@type":"Article","@id":"https:\/\/ergodays.com\/fr\/photobiomodulation-utilisation-professionnels-du-soin\/#article","isPartOf":{"@id":"https:\/\/ergodays.com\/fr\/photobiomodulation-utilisation-professionnels-du-soin\/"},"author":{"name":"Nicolas","@id":"https:\/\/ergodays.com\/fr\/#\/schema\/person\/e91f77b48593c8febd62a82c4f01bfca"},"headline":"Photobiomodulation : pourquoi les professionnels du soin l&rsquo;adoptent ?","datePublished":"2026-01-02T09:17:37+00:00","dateModified":"2026-01-02T09:17:38+00:00","mainEntityOfPage":{"@id":"https:\/\/ergodays.com\/fr\/photobiomodulation-utilisation-professionnels-du-soin\/"},"wordCount":1152,"commentCount":0,"publisher":{"@id":"https:\/\/ergodays.com\/fr\/#organization"},"image":{"@id":"https:\/\/ergodays.com\/fr\/photobiomodulation-utilisation-professionnels-du-soin\/#primaryimage"},"thumbnailUrl":"https:\/\/ergodays.com\/fr\/wp-content\/uploads\/2026\/01\/img-photobiomodulation-professionnels-pourquoi-adoptent-soin.jpg","articleSection":["Bien-\u00eatre","Sant\u00e9"],"inLanguage":"fr-FR","potentialAction":[{"@type":"CommentAction","name":"Comment","target":["https:\/\/ergodays.com\/fr\/photobiomodulation-utilisation-professionnels-du-soin\/#respond"]}]},{"@type":"WebPage","@id":"https:\/\/ergodays.com\/fr\/photobiomodulation-utilisation-professionnels-du-soin\/","url":"https:\/\/ergodays.com\/fr\/photobiomodulation-utilisation-professionnels-du-soin\/","name":"Pourquoi la photobiomodulation s\u00e9duit kin\u00e9s, dermatologues et esth\u00e9ticiens","isPartOf":{"@id":"https:\/\/ergodays.com\/fr\/#website"},"primaryImageOfPage":{"@id":"https:\/\/ergodays.com\/fr\/photobiomodulation-utilisation-professionnels-du-soin\/#primaryimage"},"image":{"@id":"https:\/\/ergodays.com\/fr\/photobiomodulation-utilisation-professionnels-du-soin\/#primaryimage"},"thumbnailUrl":"https:\/\/ergodays.com\/fr\/wp-content\/uploads\/2026\/01\/img-photobiomodulation-professionnels-pourquoi-adoptent-soin.jpg","datePublished":"2026-01-02T09:17:37+00:00","dateModified":"2026-01-02T09:17:38+00:00","description":"D\u00e9couvrez comment la photobiomodulation transforme les cabinets m\u00e9dicaux et esth\u00e9tiques : r\u00e9duction douleur, cicatrisation acc\u00e9l\u00e9r\u00e9e, anti-\u00e2ge efficace. Appareils CE m\u00e9dicaux et protocoles simples.","breadcrumb":{"@id":"https:\/\/ergodays.com\/fr\/photobiomodulation-utilisation-professionnels-du-soin\/#breadcrumb"},"inLanguage":"fr-FR","potentialAction":[{"@type":"ReadAction","target":["https:\/\/ergodays.com\/fr\/photobiomodulation-utilisation-professionnels-du-soin\/"]}]},{"@type":"ImageObject","inLanguage":"fr-FR","@id":"https:\/\/ergodays.com\/fr\/photobiomodulation-utilisation-professionnels-du-soin\/#primaryimage","url":"https:\/\/ergodays.com\/fr\/wp-content\/uploads\/2026\/01\/img-photobiomodulation-professionnels-pourquoi-adoptent-soin.jpg","contentUrl":"https:\/\/ergodays.com\/fr\/wp-content\/uploads\/2026\/01\/img-photobiomodulation-professionnels-pourquoi-adoptent-soin.jpg","width":1200,"height":675},{"@type":"BreadcrumbList","@id":"https:\/\/ergodays.com\/fr\/photobiomodulation-utilisation-professionnels-du-soin\/#breadcrumb","itemListElement":[{"@type":"ListItem","position":1,"name":"Accueil","item":"https:\/\/ergodays.com\/fr\/"},{"@type":"ListItem","position":2,"name":"Photobiomodulation : pourquoi les professionnels du soin l&rsquo;adoptent ?"}]},{"@type":"WebSite","@id":"https:\/\/ergodays.com\/fr\/#website","url":"https:\/\/ergodays.com\/fr\/","name":"Ergodays","description":"Faire entrer l&#039;ergonomie dans notre quotidien","publisher":{"@id":"https:\/\/ergodays.com\/fr\/#organization"},"potentialAction":[{"@type":"SearchAction","target":{"@type":"EntryPoint","urlTemplate":"https:\/\/ergodays.com\/fr\/?s={search_term_string}"},"query-input":{"@type":"PropertyValueSpecification","valueRequired":true,"valueName":"search_term_string"}}],"inLanguage":"fr-FR"},{"@type":"Organization","@id":"https:\/\/ergodays.com\/fr\/#organization","name":"Ergodays","url":"https:\/\/ergodays.com\/fr\/","logo":{"@type":"ImageObject","inLanguage":"fr-FR","@id":"https:\/\/ergodays.com\/fr\/#\/schema\/logo\/image\/","url":"https:\/\/ergodays.com\/fr\/wp-content\/uploads\/2021\/10\/logo-carre-ergodays-500-zoom.png","contentUrl":"https:\/\/ergodays.com\/fr\/wp-content\/uploads\/2021\/10\/logo-carre-ergodays-500-zoom.png","width":500,"height":500,"caption":"Ergodays"},"image":{"@id":"https:\/\/ergodays.com\/fr\/#\/schema\/logo\/image\/"}},{"@type":"Person","@id":"https:\/\/ergodays.com\/fr\/#\/schema\/person\/e91f77b48593c8febd62a82c4f01bfca","name":"Nicolas","image":{"@type":"ImageObject","inLanguage":"fr-FR","@id":"https:\/\/ergodays.com\/fr\/#\/schema\/person\/image\/","url":"https:\/\/secure.gravatar.com\/avatar\/e5eb09d2e7bf89825ebdfe37decdcaf89b3396fbffa5c066918e0b78b80ae1b2?s=96&d=mm&r=g","contentUrl":"https:\/\/secure.gravatar.com\/avatar\/e5eb09d2e7bf89825ebdfe37decdcaf89b3396fbffa5c066918e0b78b80ae1b2?s=96&d=mm&r=g","caption":"Nicolas"},"sameAs":["http:\/\/ergodays.com\/fr"]}]}},"_links":{"self":[{"href":"https:\/\/ergodays.com\/fr\/wp-json\/wp\/v2\/posts\/2854","targetHints":{"allow":["GET"]}}],"collection":[{"href":"https:\/\/ergodays.com\/fr\/wp-json\/wp\/v2\/posts"}],"about":[{"href":"https:\/\/ergodays.com\/fr\/wp-json\/wp\/v2\/types\/post"}],"author":[{"embeddable":true,"href":"https:\/\/ergodays.com\/fr\/wp-json\/wp\/v2\/users\/1"}],"replies":[{"embeddable":true,"href":"https:\/\/ergodays.com\/fr\/wp-json\/wp\/v2\/comments?post=2854"}],"version-history":[{"count":1,"href":"https:\/\/ergodays.com\/fr\/wp-json\/wp\/v2\/posts\/2854\/revisions"}],"predecessor-version":[{"id":2856,"href":"https:\/\/ergodays.com\/fr\/wp-json\/wp\/v2\/posts\/2854\/revisions\/2856"}],"wp:featuredmedia":[{"embeddable":true,"href":"https:\/\/ergodays.com\/fr\/wp-json\/wp\/v2\/media\/2855"}],"wp:attachment":[{"href":"https:\/\/ergodays.com\/fr\/wp-json\/wp\/v2\/media?parent=2854"}],"wp:term":[{"taxonomy":"category","embeddable":true,"href":"https:\/\/ergodays.com\/fr\/wp-json\/wp\/v2\/categories?post=2854"},{"taxonomy":"post_tag","embeddable":true,"href":"https:\/\/ergodays.com\/fr\/wp-json\/wp\/v2\/tags?post=2854"}],"curies":[{"name":"wp","href":"https:\/\/api.w.org\/{rel}","templated":true}]}}